{"id":969,"date":"2025-05-30T14:36:00","date_gmt":"2025-05-30T12:36:00","guid":{"rendered":"https:\/\/cus.bedzino.pl\/?p=969"},"modified":"2025-11-17T14:37:51","modified_gmt":"2025-11-17T13:37:51","slug":"wsparcia-dla-kobiet-w-ciazy-i-matek-z-maloletnimi","status":"publish","type":"post","link":"https:\/\/cus.bedzino.pl\/?p=969","title":{"rendered":"WSPARCIA DLA KOBIET W CI\u0104\u017bY I MATEK Z MA\u0141OLETNIMI"},"content":{"rendered":"\n<p>Kobiety z ma\u0142oletnimi dzie\u0107mi oraz kobiety w ci\u0105\u017cy, kt\u00f3re s\u0105 dotkni\u0119te przemoc\u0105 w rodzinie mog\u0105 uzyska\u0107 wsparciwe w postaci schronienia w specjalnych o\u015brodkach wsparcia.<\/p>\n\n\n\n<p><strong>Najbli\u017csze o\u015brodki wsparcia:<\/strong><\/p>\n\n\n\n<p>&#8211; Punkt Interwencji Kryzysowej, Hostel w Nowych Bielicach 2-3, gm. Biesiekierz,<\/p>\n\n\n\n<p>&#8211; Dom Samotnej Matki \u201eDar \u017bycia\u201d Caritas Diecezji Koszali\u0144sko-Ko\u0142obrzeskiej, ul. Wojska Polskiego 13, 75-061 Koszalin,<\/p>\n\n\n\n<p>&#8211; Dom dla Samotnych Matek z Ma\u0142oletnimi Dzie\u0107mi Monar Markot w Policach, ul Kosynier\u00f3w Gdy\u0144skich 25, 72-010 Police,<\/p>\n\n\n\n<p>&#8211; Specjalistyczny O\u015brodek Wsparcia dla Ofiar Przemocy w Rodzinie w \u015awinouj\u015bciu, 72-600 \u015awinouj\u015bcie, ul. D\u0105browskiego 4,<\/p>\n\n\n\n<p>&#8211; Specjalistyczny O\u015brodek Wsparcia dla Ofiar Przemocy w Rodzinie w Bia\u0142ogardzie, 78-200 Bia\u0142goard, ul. Grunwaldzka 49.<\/p>\n\n\n\n<p><a href=\"https:\/\/www.gov.pl\/web\/rodzina\/baza-kontaktowa-specjalistyczne-osrodki-wsparcia-dla-ofiar-przemocy\" target=\"_blank\" rel=\"noreferrer noopener\">Pe\u0142na lista O\u015brodk\u00f3w Wsparcia dla Ofiar Przemocy znajduje si\u0119 TUTAJ<\/a><\/p>\n\n\n\n<p>Chc\u0105c skorzysta\u0107 z pomocy spo\u0142ecznej w formie skierowania do o\u015brodka wsparcia nale\u017cy z\u0142o\u017cy\u0107 wniosek o pomoc w Centrum Us\u0142ug Spo\u0142ecznych w B\u0119dzinie<\/p>\n","protected":false},"excerpt":{"rendered":"<p>Kobiety z ma\u0142oletnimi dzie\u0107mi oraz kobiety w ci\u0105\u017cy, kt\u00f3re s\u0105 dotkni\u0119te przemoc\u0105 w rodzinie mog\u0105 uzyska\u0107 wsparciwe w postaci schronienia w specjalnych o\u015brodkach wsparcia. Najbli\u017csze o\u015brodki wsparcia: &#8211; Punkt Interwencji Kryzysowej, Hostel w Nowych Bielicach 2-3, gm. Biesiekierz, &#8211; Dom&#8230; <a href=\"https:\/\/cus.bedzino.pl\/?p=969\" class=\"readmore\">Dowiedz si\u0119 wi\u0119cej<span class=\"screen-reader-text\">WSPARCIA DLA KOBIET W CI\u0104\u017bY I MATEK Z MA\u0141OLETNIMI<\/span><span class=\"fa fa-angle-double-right\" aria-hidden=\"true\"><\/span><\/a><\/p>\n","protected":false},"author":2,"featured_media":0,"comment_status":"closed","ping_status":"open","sticky":false,"template":"","format":"standard","meta":{"footnotes":""},"categories":[18],"tags":[],"class_list":["post-969","post","type-post","status-publish","format-standard","hentry","category-przemoc","content-layout-excerpt-thumb"],"_links":{"self":[{"href":"https:\/\/cus.bedzino.pl\/index.php?rest_route=\/wp\/v2\/posts\/969","targetHints":{"allow":["GET"]}}],"collection":[{"href":"https:\/\/cus.bedzino.pl\/index.php?rest_route=\/wp\/v2\/posts"}],"about":[{"href":"https:\/\/cus.bedzino.pl\/index.php?rest_route=\/wp\/v2\/types\/post"}],"author":[{"embeddable":true,"href":"https:\/\/cus.bedzino.pl\/index.php?rest_route=\/wp\/v2\/users\/2"}],"replies":[{"embeddable":true,"href":"https:\/\/cus.bedzino.pl\/index.php?rest_route=%2Fwp%2Fv2%2Fcomments&post=969"}],"version-history":[{"count":1,"href":"https:\/\/cus.bedzino.pl\/index.php?rest_route=\/wp\/v2\/posts\/969\/revisions"}],"predecessor-version":[{"id":970,"href":"https:\/\/cus.bedzino.pl\/index.php?rest_route=\/wp\/v2\/posts\/969\/revisions\/970"}],"wp:attachment":[{"href":"https:\/\/cus.bedzino.pl\/index.php?rest_route=%2Fwp%2Fv2%2Fmedia&parent=969"}],"wp:term":[{"taxonomy":"category","embeddable":true,"href":"https:\/\/cus.bedzino.pl\/index.php?rest_route=%2Fwp%2Fv2%2Fcategories&post=969"},{"taxonomy":"post_tag","embeddable":true,"href":"https:\/\/cus.bedzino.pl\/index.php?rest_route=%2Fwp%2Fv2%2Ftags&post=969"}],"curies":[{"name":"wp","href":"https:\/\/api.w.org\/{rel}","templated":true}]}}