{"id":815,"date":"2025-10-23T14:13:52","date_gmt":"2025-10-23T12:13:52","guid":{"rendered":"https:\/\/cus.bedzino.pl\/?p=815"},"modified":"2026-02-24T13:47:38","modified_gmt":"2026-02-24T12:47:38","slug":"wypozyczalnia-sprzetu-rehabilitacyjnego-w-centrum-uslug-spolecznych-w-bedzinie","status":"publish","type":"post","link":"https:\/\/cus.bedzino.pl\/?p=815","title":{"rendered":"Wypo\u017cyczalnia sprz\u0119tu rehabilitacyjnego w Centrum Us\u0142ug Spo\u0142ecznych w B\u0119dzinie"},"content":{"rendered":"\n<figure class=\"wp-block-image size-large\"><img loading=\"lazy\" decoding=\"async\" width=\"709\" height=\"1024\" src=\"https:\/\/cus.bedzino.pl\/wp-content\/uploads\/2025\/10\/kobieta-z-widokiem-z-boku-z-rama-spacerowa-709x1024.jpg\" alt=\"\" class=\"wp-image-816\" srcset=\"https:\/\/cus.bedzino.pl\/wp-content\/uploads\/2025\/10\/kobieta-z-widokiem-z-boku-z-rama-spacerowa-709x1024.jpg 709w, https:\/\/cus.bedzino.pl\/wp-content\/uploads\/2025\/10\/kobieta-z-widokiem-z-boku-z-rama-spacerowa-208x300.jpg 208w, https:\/\/cus.bedzino.pl\/wp-content\/uploads\/2025\/10\/kobieta-z-widokiem-z-boku-z-rama-spacerowa-768x1110.jpg 768w, https:\/\/cus.bedzino.pl\/wp-content\/uploads\/2025\/10\/kobieta-z-widokiem-z-boku-z-rama-spacerowa-1063x1536.jpg 1063w, https:\/\/cus.bedzino.pl\/wp-content\/uploads\/2025\/10\/kobieta-z-widokiem-z-boku-z-rama-spacerowa-1418x2048.jpg 1418w, https:\/\/cus.bedzino.pl\/wp-content\/uploads\/2025\/10\/kobieta-z-widokiem-z-boku-z-rama-spacerowa-scaled.jpg 1772w\" sizes=\"auto, (max-width: 709px) 100vw, 709px\" \/><\/figure>\n\n\n\n<p>Zapraszamy mieszka\u0144c\u00f3w Gminy B\u0119dzino do skorzystania z oferty wypo\u017cyczalni. Dzi\u0119ki wsparciu CUS rehabilitacja i codzienne funkcjonowanie mog\u0105 sta\u0107 si\u0119 \u0142atwiejsze i bardziej komfortowe!<\/p>\n\n\n\n<p>Celem us\u0142ugi jest wsparcie mieszka\u0144c\u00f3w Gminy B\u0119dzino poprzez bezp\u0142atne wypo\u017cyczenie sprz\u0119tu rehabilitacyjnego.<\/p>\n\n\n\n<p>Zakres us\u0142ugi obejmuje:<br>\u2022 wypo\u017cyczenie sprz\u0119tu na okres do 6 miesi\u0119cy (z mo\u017cliwo\u015bci\u0105 przed\u0142u\u017cenia),<br>\u2022 ewentualny dow\u00f3z sprz\u0119tu do miejsca zamieszkania,<br>\u2022 instrukta\u017c obs\u0142ugi sprz\u0119tu,<br>\u2022 odbi\u00f3r sprz\u0119tu po zako\u0144czeniu wypo\u017cyczenia.<\/p>\n\n\n\n<p>Kto mo\u017ce skorzysta\u0107?<br>Z us\u0142ugi mog\u0105 skorzysta\u0107 osoby zamieszkuj\u0105ce, ucz\u0105ce si\u0119 lub pracuj\u0105ce na terenie Gminy B\u0119dzino.<br>Us\u0142uga jest ca\u0142kowicie bezp\u0142atna!<\/p>\n\n\n\n<p>Kontakt:<br>Dorota Sosna, tel. 694 46 25 94<br>W godzinach pracy Centrum Us\u0142ug Spo\u0142ecznych w B\u0119dzinie<\/p>\n\n\n\n<p>Dost\u0119pny sprz\u0119t rehabilitacyjny:<br>1. Materac piankowy na \u0142\u00f3\u017cko rehabilitacyjne w pokrowcu zmywalnym \u2013 2 szt.<br>2. Rotor medyczny do \u0107wicze\u0144 r\u0105k i n\u00f3g sk\u0142adany z licznikiem \u2013 5 szt.<br>3. Uniwersalne kule inwalidzkie pachowe \u2013 5 komplet\u00f3w<br>4. Comfort kula \u0142okciowa inwalidzka z mi\u0119kk\u0105 r\u0105czk\u0105 FDI \u2013 10 szt.<br>5. Krzes\u0142o toaletowe TGR-R KT 618 (do 130 kg) \u2013 5 szt.<br>6. Materac rurowy przeciwodle\u017cynowy z mikrowentylacj\u0105 \u2013 3 szt.<br>7. Balkonik czteroko\u0142owy z hamulcami \u2013 3 szt.<br>8. W\u00f3zek inwalidzki aluminiowy D200 (do 130 kg) \u2013 3 szt.<br>9. \u0141\u00f3\u017cko rehabilitacyjne elektryczne Dali Standard Burmeier \u2013 2 szt.<\/p>\n\n\n\n<p>Zadanie realizowane w ramach projektu \u201eCentrum Us\u0142ug Spo\u0142ecznych \u2013 nowym miejscem rozwoju i integracji us\u0142ug spo\u0142ecznych\u201d dofinansowanego ze \u015brodk\u00f3w Europejskiego Funduszu Spo\u0142ecznego Plus w ramach FEPZ 2021-2027, Priorytet 6 Fundusze Europejskie na rzecz aktywnego Pomorza Zachodniego.<\/p>\n\n\n\n<p><a href=\"https:\/\/www.facebook.com\/hashtag\/cusb%C4%99dzino?__eep__=6&amp;__cft__[0]=AZXVC5ow6yFg_DO2zHhWQvN3k0QrEl83SLYHXPC2tDy2A_W3ifQz3LQF_o6cVh4xzYVX4dh4WNGuk45zBhoLswt0PiNG4-W88QCeZQNcyguF1OINtrnKv2RDHSeJAqK-SzM1Jv11uLHaXwWmXcLkdWI-&amp;__tn__=*NK-R\">#CUSB\u0119dzino<\/a><br><a href=\"https:\/\/www.facebook.com\/hashtag\/centrumus%C5%82ugspo%C5%82ecznychwb%C4%99dzinie?__eep__=6&amp;__cft__[0]=AZXVC5ow6yFg_DO2zHhWQvN3k0QrEl83SLYHXPC2tDy2A_W3ifQz3LQF_o6cVh4xzYVX4dh4WNGuk45zBhoLswt0PiNG4-W88QCeZQNcyguF1OINtrnKv2RDHSeJAqK-SzM1Jv11uLHaXwWmXcLkdWI-&amp;__tn__=*NK-R\">#CentrumUs\u0142ugSpo\u0142ecznychwB\u0119dzinie<\/a><br><a href=\"https:\/\/www.facebook.com\/hashtag\/pomocspo%C5%82eczna?__eep__=6&amp;__cft__[0]=AZXVC5ow6yFg_DO2zHhWQvN3k0QrEl83SLYHXPC2tDy2A_W3ifQz3LQF_o6cVh4xzYVX4dh4WNGuk45zBhoLswt0PiNG4-W88QCeZQNcyguF1OINtrnKv2RDHSeJAqK-SzM1Jv11uLHaXwWmXcLkdWI-&amp;__tn__=*NK-R\">#PomocSpo\u0142eczna<\/a><br><a href=\"https:\/\/www.facebook.com\/hashtag\/funduszeeuropejskie?__eep__=6&amp;__cft__[0]=AZXVC5ow6yFg_DO2zHhWQvN3k0QrEl83SLYHXPC2tDy2A_W3ifQz3LQF_o6cVh4xzYVX4dh4WNGuk45zBhoLswt0PiNG4-W88QCeZQNcyguF1OINtrnKv2RDHSeJAqK-SzM1Jv11uLHaXwWmXcLkdWI-&amp;__tn__=*NK-R\">#FunduszeEuropejskie<\/a><\/p>\n","protected":false},"excerpt":{"rendered":"<p>Zapraszamy mieszka\u0144c\u00f3w Gminy B\u0119dzino do skorzystania z oferty wypo\u017cyczalni. Dzi\u0119ki wsparciu CUS rehabilitacja i codzienne funkcjonowanie mog\u0105 sta\u0107 si\u0119 \u0142atwiejsze i bardziej komfortowe! Celem us\u0142ugi jest wsparcie mieszka\u0144c\u00f3w Gminy B\u0119dzino poprzez bezp\u0142atne wypo\u017cyczenie sprz\u0119tu rehabilitacyjnego. Zakres us\u0142ugi obejmuje:\u2022 wypo\u017cyczenie sprz\u0119tu&#8230; <a href=\"https:\/\/cus.bedzino.pl\/?p=815\" class=\"readmore\">Dowiedz si\u0119 wi\u0119cej<span class=\"screen-reader-text\">Wypo\u017cyczalnia sprz\u0119tu rehabilitacyjnego w Centrum Us\u0142ug Spo\u0142ecznych w B\u0119dzinie<\/span><span class=\"fa fa-angle-double-right\" aria-hidden=\"true\"><\/span><\/a><\/p>\n","protected":false},"author":3,"featured_media":816,"comment_status":"closed","ping_status":"open","sticky":false,"template":"","format":"standard","meta":{"footnotes":""},"categories":[17,34],"tags":[],"class_list":["post-815","post","type-post","status-publish","format-standard","has-post-thumbnail","hentry","category-cus","category-uslugi","content-layout-excerpt-thumb"],"_links":{"self":[{"href":"https:\/\/cus.bedzino.pl\/index.php?rest_route=\/wp\/v2\/posts\/815","targetHints":{"allow":["GET"]}}],"collection":[{"href":"https:\/\/cus.bedzino.pl\/index.php?rest_route=\/wp\/v2\/posts"}],"about":[{"href":"https:\/\/cus.bedzino.pl\/index.php?rest_route=\/wp\/v2\/types\/post"}],"author":[{"embeddable":true,"href":"https:\/\/cus.bedzino.pl\/index.php?rest_route=\/wp\/v2\/users\/3"}],"replies":[{"embeddable":true,"href":"https:\/\/cus.bedzino.pl\/index.php?rest_route=%2Fwp%2Fv2%2Fcomments&post=815"}],"version-history":[{"count":1,"href":"https:\/\/cus.bedzino.pl\/index.php?rest_route=\/wp\/v2\/posts\/815\/revisions"}],"predecessor-version":[{"id":817,"href":"https:\/\/cus.bedzino.pl\/index.php?rest_route=\/wp\/v2\/posts\/815\/revisions\/817"}],"wp:featuredmedia":[{"embeddable":true,"href":"https:\/\/cus.bedzino.pl\/index.php?rest_route=\/wp\/v2\/media\/816"}],"wp:attachment":[{"href":"https:\/\/cus.bedzino.pl\/index.php?rest_route=%2Fwp%2Fv2%2Fmedia&parent=815"}],"wp:term":[{"taxonomy":"category","embeddable":true,"href":"https:\/\/cus.bedzino.pl\/index.php?rest_route=%2Fwp%2Fv2%2Fcategories&post=815"},{"taxonomy":"post_tag","embeddable":true,"href":"https:\/\/cus.bedzino.pl\/index.php?rest_route=%2Fwp%2Fv2%2Ftags&post=815"}],"curies":[{"name":"wp","href":"https:\/\/api.w.org\/{rel}","templated":true}]}}