{"id":804,"date":"2025-10-17T07:56:02","date_gmt":"2025-10-17T05:56:02","guid":{"rendered":"https:\/\/cus.bedzino.pl\/?p=804"},"modified":"2026-02-24T13:47:14","modified_gmt":"2026-02-24T12:47:14","slug":"warsztaty-lokalnego-ozywienia-spoleczno-gospodarczego","status":"publish","type":"post","link":"https:\/\/cus.bedzino.pl\/?p=804","title":{"rendered":"Warsztaty Lokalnego O\u017cywienia Spo\u0142eczno-Gospodarczego"},"content":{"rendered":"\n<figure class=\"wp-block-image size-large\"><img loading=\"lazy\" decoding=\"async\" width=\"724\" height=\"1024\" src=\"https:\/\/cus.bedzino.pl\/wp-content\/uploads\/2025\/10\/ozywienie-spoleczno-gosp.-OWES-PLUS7-002-724x1024.png\" alt=\"\" class=\"wp-image-805\" srcset=\"https:\/\/cus.bedzino.pl\/wp-content\/uploads\/2025\/10\/ozywienie-spoleczno-gosp.-OWES-PLUS7-002-724x1024.png 724w, https:\/\/cus.bedzino.pl\/wp-content\/uploads\/2025\/10\/ozywienie-spoleczno-gosp.-OWES-PLUS7-002-212x300.png 212w, https:\/\/cus.bedzino.pl\/wp-content\/uploads\/2025\/10\/ozywienie-spoleczno-gosp.-OWES-PLUS7-002-768x1086.png 768w, https:\/\/cus.bedzino.pl\/wp-content\/uploads\/2025\/10\/ozywienie-spoleczno-gosp.-OWES-PLUS7-002-1086x1536.png 1086w, https:\/\/cus.bedzino.pl\/wp-content\/uploads\/2025\/10\/ozywienie-spoleczno-gosp.-OWES-PLUS7-002.png 1414w\" sizes=\"auto, (max-width: 724px) 100vw, 724px\" \/><\/figure>\n\n\n\n<p>Zapraszamy do udzia\u0142u w Warsztatach Lokalnego O\u017cywienia Spo\u0142eczno-Gospodarczego dla mieszka\u0144c\u00f3w Gminy B\u0119dzino!<\/p>\n\n\n\n<p>27 pa\u017adziernika 2025 r. (poniedzia\u0142ek)<br>Start: 16:00<br>Sala GOK w B\u0119dzinie, B\u0119dzino 21<\/p>\n\n\n\n<p>W programie:<br>\u2022 inspiruj\u0105ce przyk\u0142ady dobrych praktyk z regionu<br>\u2022 wsp\u00f3lna praca warsztatowa \u2013 tworzymy \u201eBeczk\u0119 lokalnych zasob\u00f3w i problem\u00f3w\u201d<br>\u2022 rozmowy o pomys\u0142ach, potrzebach i mo\u017cliwo\u015bciach rozwoju naszej gminy<\/p>\n\n\n\n<p>Warsztaty poprowadzi Zesp\u00f3\u0142 O\u015brodka Wsparcia Ekonomii Spo\u0142ecznej w Koszalinie.<\/p>\n\n\n\n<p>To \u015bwietna okazja, by spotka\u0107 si\u0119, porozmawia\u0107 i wsp\u00f3lnie zaplanowa\u0107 dzia\u0142ania, kt\u00f3re realnie wp\u0142yn\u0105 na \u017cycie mieszka\u0144c\u00f3w.<\/p>\n\n\n\n<p>Zg\u0142oszenia:<br>Marzena Mural \u2013 697 849 152, m.mural@karrsa.pl<br>Ewa Kaczanowska \u2013 515 281 109, e.kaczanowska@karrsa.pl<\/p>\n\n\n\n<p>Serdecznie zapraszamy! <img loading=\"lazy\" decoding=\"async\" height=\"16\" width=\"16\" alt=\"\ud83d\udc9a\" src=\"https:\/\/static.xx.fbcdn.net\/images\/emoji.php\/v9\/t94\/1\/16\/1f49a.png\"><\/p>\n","protected":false},"excerpt":{"rendered":"<p>Zapraszamy do udzia\u0142u w Warsztatach Lokalnego O\u017cywienia Spo\u0142eczno-Gospodarczego dla mieszka\u0144c\u00f3w Gminy B\u0119dzino! 27 pa\u017adziernika 2025 r. (poniedzia\u0142ek)Start: 16:00Sala GOK w B\u0119dzinie, B\u0119dzino 21 W programie:\u2022 inspiruj\u0105ce przyk\u0142ady dobrych praktyk z regionu\u2022 wsp\u00f3lna praca warsztatowa \u2013 tworzymy \u201eBeczk\u0119 lokalnych zasob\u00f3w i&#8230; <a href=\"https:\/\/cus.bedzino.pl\/?p=804\" class=\"readmore\">Dowiedz si\u0119 wi\u0119cej<span class=\"screen-reader-text\">Warsztaty Lokalnego O\u017cywienia Spo\u0142eczno-Gospodarczego<\/span><span class=\"fa fa-angle-double-right\" aria-hidden=\"true\"><\/span><\/a><\/p>\n","protected":false},"author":3,"featured_media":0,"comment_status":"closed","ping_status":"open","sticky":false,"template":"","format":"standard","meta":{"footnotes":""},"categories":[16],"tags":[],"class_list":["post-804","post","type-post","status-publish","format-standard","hentry","category-news","content-layout-excerpt-thumb"],"_links":{"self":[{"href":"https:\/\/cus.bedzino.pl\/index.php?rest_route=\/wp\/v2\/posts\/804","targetHints":{"allow":["GET"]}}],"collection":[{"href":"https:\/\/cus.bedzino.pl\/index.php?rest_route=\/wp\/v2\/posts"}],"about":[{"href":"https:\/\/cus.bedzino.pl\/index.php?rest_route=\/wp\/v2\/types\/post"}],"author":[{"embeddable":true,"href":"https:\/\/cus.bedzino.pl\/index.php?rest_route=\/wp\/v2\/users\/3"}],"replies":[{"embeddable":true,"href":"https:\/\/cus.bedzino.pl\/index.php?rest_route=%2Fwp%2Fv2%2Fcomments&post=804"}],"version-history":[{"count":1,"href":"https:\/\/cus.bedzino.pl\/index.php?rest_route=\/wp\/v2\/posts\/804\/revisions"}],"predecessor-version":[{"id":806,"href":"https:\/\/cus.bedzino.pl\/index.php?rest_route=\/wp\/v2\/posts\/804\/revisions\/806"}],"wp:attachment":[{"href":"https:\/\/cus.bedzino.pl\/index.php?rest_route=%2Fwp%2Fv2%2Fmedia&parent=804"}],"wp:term":[{"taxonomy":"category","embeddable":true,"href":"https:\/\/cus.bedzino.pl\/index.php?rest_route=%2Fwp%2Fv2%2Fcategories&post=804"},{"taxonomy":"post_tag","embeddable":true,"href":"https:\/\/cus.bedzino.pl\/index.php?rest_route=%2Fwp%2Fv2%2Ftags&post=804"}],"curies":[{"name":"wp","href":"https:\/\/api.w.org\/{rel}","templated":true}]}}