{"id":799,"date":"2025-10-10T12:01:44","date_gmt":"2025-10-10T10:01:44","guid":{"rendered":"https:\/\/cus.bedzino.pl\/?p=799"},"modified":"2026-02-24T13:46:57","modified_gmt":"2026-02-24T12:46:57","slug":"informacja-dla-rodzicow-dzieci-uczeszczajacych-do-placowki-wsparcia-dziennego-w-tymieniu","status":"publish","type":"post","link":"https:\/\/cus.bedzino.pl\/?p=799","title":{"rendered":"Informacja dla rodzic\u00f3w dzieci ucz\u0119szczaj\u0105cych do Plac\u00f3wki Wsparcia Dziennego w Tymieniu"},"content":{"rendered":"\n<figure class=\"wp-block-image size-large\"><img loading=\"lazy\" decoding=\"async\" width=\"1024\" height=\"683\" src=\"https:\/\/cus.bedzino.pl\/wp-content\/uploads\/2025\/10\/funny-little-girl-holding-bunch-autumn-leaves-forest-blurred-background-copy-space-1024x683.jpg\" alt=\"\" class=\"wp-image-800\" srcset=\"https:\/\/cus.bedzino.pl\/wp-content\/uploads\/2025\/10\/funny-little-girl-holding-bunch-autumn-leaves-forest-blurred-background-copy-space-1024x683.jpg 1024w, https:\/\/cus.bedzino.pl\/wp-content\/uploads\/2025\/10\/funny-little-girl-holding-bunch-autumn-leaves-forest-blurred-background-copy-space-300x200.jpg 300w, https:\/\/cus.bedzino.pl\/wp-content\/uploads\/2025\/10\/funny-little-girl-holding-bunch-autumn-leaves-forest-blurred-background-copy-space-768x512.jpg 768w, https:\/\/cus.bedzino.pl\/wp-content\/uploads\/2025\/10\/funny-little-girl-holding-bunch-autumn-leaves-forest-blurred-background-copy-space-1536x1024.jpg 1536w, https:\/\/cus.bedzino.pl\/wp-content\/uploads\/2025\/10\/funny-little-girl-holding-bunch-autumn-leaves-forest-blurred-background-copy-space-2048x1365.jpg 2048w\" sizes=\"auto, (max-width: 1024px) 100vw, 1024px\" \/><\/figure>\n\n\n\n<p>W zwi\u0105zku z przerw\u0105 w zaj\u0119ciach szkolnych w dniach 13\u201314 pa\u017adziernika (poniedzia\u0142ek i wtorek), Plac\u00f3wka Wsparcia Dziennego b\u0119dzie czynna w godzinach 9:00\u201315:00.<\/p>\n\n\n\n<p>Serdecznie zapraszamy dzieci do wsp\u00f3lnego sp\u0119dzania czasu w \u015bwietlicy! <img loading=\"lazy\" decoding=\"async\" height=\"16\" width=\"16\" src=\"https:\/\/static.xx.fbcdn.net\/images\/emoji.php\/v9\/t5f\/1\/16\/1f31e.png\" alt=\"\ud83c\udf1e\"><br><br>Zadanie realizowane w ramach projektu Centrum Us\u0142ug Spo\u0142ecznych &#8211; nowym miejscem rozwoju i integracji us\u0142ug spo\u0142ecznych dofinansowanego ze \u015brodk\u00f3w Europejskiego Funduszu Spo\u0142ecznego Plus w ramach FEPZ 2021\u20132027, Priorytet 6 Fundusze Europejskie na rzecz aktywnego Pomorza Zachodniego.<\/p>\n\n\n\n<p><a href=\"https:\/\/www.facebook.com\/hashtag\/cusb%C4%99dzino?__cft__[0]=AZVqFXpK-RmAmQ_Wa1jjbLXjm3DYDu5nEHmw3WR7sHi6Lz3d0dqvHCQKUSsiyjHNyTMDvlZ9aq3fWABNE3gwmZri_46Us6NtwNTJ0ZHi0V2LKx6mfgsVO_9HKfA5SdzVj_V5dVjIILyYDGtuWv6M7V0rdGyLCVIO6xLLSr_INBONNWB-4mWZkPFafopHE5DUUGs&amp;__tn__=*NK-R\">#CUSB\u0119dzino<\/a><a href=\"https:\/\/www.facebook.com\/hashtag\/centrumus%C5%82ugspo%C5%82ecznychwb%C4%99dzinie?__cft__[0]=AZVqFXpK-RmAmQ_Wa1jjbLXjm3DYDu5nEHmw3WR7sHi6Lz3d0dqvHCQKUSsiyjHNyTMDvlZ9aq3fWABNE3gwmZri_46Us6NtwNTJ0ZHi0V2LKx6mfgsVO_9HKfA5SdzVj_V5dVjIILyYDGtuWv6M7V0rdGyLCVIO6xLLSr_INBONNWB-4mWZkPFafopHE5DUUGs&amp;__tn__=*NK-R\">#CentrumUs\u0142ugSpo\u0142ecznychwB\u0119dzinie<\/a><a href=\"https:\/\/www.facebook.com\/hashtag\/pomocspo%C5%82eczna?__cft__[0]=AZVqFXpK-RmAmQ_Wa1jjbLXjm3DYDu5nEHmw3WR7sHi6Lz3d0dqvHCQKUSsiyjHNyTMDvlZ9aq3fWABNE3gwmZri_46Us6NtwNTJ0ZHi0V2LKx6mfgsVO_9HKfA5SdzVj_V5dVjIILyYDGtuWv6M7V0rdGyLCVIO6xLLSr_INBONNWB-4mWZkPFafopHE5DUUGs&amp;__tn__=*NK-R\">#PomocSpo\u0142eczna<\/a><a href=\"https:\/\/www.facebook.com\/hashtag\/funduszeeuropejskie?__cft__[0]=AZVqFXpK-RmAmQ_Wa1jjbLXjm3DYDu5nEHmw3WR7sHi6Lz3d0dqvHCQKUSsiyjHNyTMDvlZ9aq3fWABNE3gwmZri_46Us6NtwNTJ0ZHi0V2LKx6mfgsVO_9HKfA5SdzVj_V5dVjIILyYDGtuWv6M7V0rdGyLCVIO6xLLSr_INBONNWB-4mWZkPFafopHE5DUUGs&amp;__tn__=*NK-R\">#FunduszeEuropejskie<\/a><\/p>\n","protected":false},"excerpt":{"rendered":"<p>W zwi\u0105zku z przerw\u0105 w zaj\u0119ciach szkolnych w dniach 13\u201314 pa\u017adziernika (poniedzia\u0142ek i wtorek), Plac\u00f3wka Wsparcia Dziennego b\u0119dzie czynna w godzinach 9:00\u201315:00. Serdecznie zapraszamy dzieci do wsp\u00f3lnego sp\u0119dzania czasu w \u015bwietlicy! Zadanie realizowane w ramach projektu Centrum Us\u0142ug Spo\u0142ecznych &#8211;&#8230; <a href=\"https:\/\/cus.bedzino.pl\/?p=799\" class=\"readmore\">Dowiedz si\u0119 wi\u0119cej<span class=\"screen-reader-text\">Informacja dla rodzic\u00f3w dzieci ucz\u0119szczaj\u0105cych do Plac\u00f3wki Wsparcia Dziennego w Tymieniu<\/span><span class=\"fa fa-angle-double-right\" aria-hidden=\"true\"><\/span><\/a><\/p>\n","protected":false},"author":3,"featured_media":800,"comment_status":"closed","ping_status":"open","sticky":false,"template":"","format":"standard","meta":{"footnotes":""},"categories":[16,33],"tags":[],"class_list":["post-799","post","type-post","status-publish","format-standard","has-post-thumbnail","hentry","category-news","category-pwd","content-layout-excerpt-thumb"],"_links":{"self":[{"href":"https:\/\/cus.bedzino.pl\/index.php?rest_route=\/wp\/v2\/posts\/799","targetHints":{"allow":["GET"]}}],"collection":[{"href":"https:\/\/cus.bedzino.pl\/index.php?rest_route=\/wp\/v2\/posts"}],"about":[{"href":"https:\/\/cus.bedzino.pl\/index.php?rest_route=\/wp\/v2\/types\/post"}],"author":[{"embeddable":true,"href":"https:\/\/cus.bedzino.pl\/index.php?rest_route=\/wp\/v2\/users\/3"}],"replies":[{"embeddable":true,"href":"https:\/\/cus.bedzino.pl\/index.php?rest_route=%2Fwp%2Fv2%2Fcomments&post=799"}],"version-history":[{"count":1,"href":"https:\/\/cus.bedzino.pl\/index.php?rest_route=\/wp\/v2\/posts\/799\/revisions"}],"predecessor-version":[{"id":801,"href":"https:\/\/cus.bedzino.pl\/index.php?rest_route=\/wp\/v2\/posts\/799\/revisions\/801"}],"wp:featuredmedia":[{"embeddable":true,"href":"https:\/\/cus.bedzino.pl\/index.php?rest_route=\/wp\/v2\/media\/800"}],"wp:attachment":[{"href":"https:\/\/cus.bedzino.pl\/index.php?rest_route=%2Fwp%2Fv2%2Fmedia&parent=799"}],"wp:term":[{"taxonomy":"category","embeddable":true,"href":"https:\/\/cus.bedzino.pl\/index.php?rest_route=%2Fwp%2Fv2%2Fcategories&post=799"},{"taxonomy":"post_tag","embeddable":true,"href":"https:\/\/cus.bedzino.pl\/index.php?rest_route=%2Fwp%2Fv2%2Ftags&post=799"}],"curies":[{"name":"wp","href":"https:\/\/api.w.org\/{rel}","templated":true}]}}