{"id":664,"date":"2025-09-01T07:45:32","date_gmt":"2025-09-01T05:45:32","guid":{"rendered":"https:\/\/cus.bedzino.pl\/?p=664"},"modified":"2026-02-24T13:45:29","modified_gmt":"2026-02-24T12:45:29","slug":"spotkanie-dla-osob-doznajacych-przemocy-i-osob-stosujacych-przemoc","status":"publish","type":"post","link":"https:\/\/cus.bedzino.pl\/?p=664","title":{"rendered":"Spotkanie dla os\u00f3b doznaj\u0105cych przemocy i os\u00f3b stosuj\u0105cych przemoc"},"content":{"rendered":"\n<p class=\"has-text-align-center\">ZAPROSZENIE DLA MIESZKA\u0143C\u00d3W GMINY B\u0118DZINO<\/p>\n\n\n\n<p class=\"has-text-align-left\">Zapraszamy na indywidualne dy\u017cury <strong>dla os\u00f3b doznaj\u0105cych przemocy i os\u00f3b stosuj\u0105cych przemoc <\/strong>w celu przedstawienia oferty pomocowej (wsparcia specjalistycznego, warsztat\u00f3w, dzia\u0142a\u0144 profilaktycznych itd.)<\/p>\n\n\n\n<p><br>Je\u017celi potrzebujesz wsparcia lub informacji o Twoich uprawnieniach<br>i instytucjach kt\u00f3re mog\u0105 Ci pom\u00f3c PRZYJD\u0179 NA SPOTKANIE<br><strong>26 wrze\u015bnia 2025 r. w godz. 13.00-15.00.<\/strong><\/p>\n\n\n\n<p>Miejsce: Centrum Us\u0142ug Spo\u0142ecznych w B\u0119dzinie,<br>(w zwi\u0105zku z prowadzonym remontem: <strong>76-037 B\u0119dzino 21<\/strong>)<\/p>\n\n\n\n<p>Podczas dy\u017curu b\u0119d\u0105 dost\u0119pni:<\/p>\n\n\n\n<ul class=\"wp-block-list\">\n<li>pracownicy Centrum Us\u0142ug Spo\u0142ecznych w B\u0119dzinie,<\/li>\n\n\n\n<li>specjali\u015bci z Powiatowego Centrum Pomocy Rodzinie w Koszalinie,<\/li>\n\n\n\n<li>funkcjonariusze Policji oraz<\/li>\n\n\n\n<li>specjali\u015bci z Powiatowej Poradni Psychologiczno \u2013 Pedagogicznej w Koszalinie.<\/li>\n<\/ul>\n","protected":false},"excerpt":{"rendered":"<p>ZAPROSZENIE DLA MIESZKA\u0143C\u00d3W GMINY B\u0118DZINO Zapraszamy na indywidualne dy\u017cury dla os\u00f3b doznaj\u0105cych przemocy i os\u00f3b stosuj\u0105cych przemoc w celu przedstawienia oferty pomocowej (wsparcia specjalistycznego, warsztat\u00f3w, dzia\u0142a\u0144 profilaktycznych itd.) Je\u017celi potrzebujesz wsparcia lub informacji o Twoich uprawnieniachi instytucjach kt\u00f3re mog\u0105 Ci&#8230; <a href=\"https:\/\/cus.bedzino.pl\/?p=664\" class=\"readmore\">Dowiedz si\u0119 wi\u0119cej<span class=\"screen-reader-text\">Spotkanie dla os\u00f3b doznaj\u0105cych przemocy i os\u00f3b stosuj\u0105cych przemoc<\/span><span class=\"fa fa-angle-double-right\" aria-hidden=\"true\"><\/span><\/a><\/p>\n","protected":false},"author":2,"featured_media":0,"comment_status":"closed","ping_status":"open","sticky":false,"template":"","format":"standard","meta":{"footnotes":""},"categories":[16,18],"tags":[],"class_list":["post-664","post","type-post","status-publish","format-standard","hentry","category-news","category-przemoc","content-layout-excerpt-thumb"],"_links":{"self":[{"href":"https:\/\/cus.bedzino.pl\/index.php?rest_route=\/wp\/v2\/posts\/664","targetHints":{"allow":["GET"]}}],"collection":[{"href":"https:\/\/cus.bedzino.pl\/index.php?rest_route=\/wp\/v2\/posts"}],"about":[{"href":"https:\/\/cus.bedzino.pl\/index.php?rest_route=\/wp\/v2\/types\/post"}],"author":[{"embeddable":true,"href":"https:\/\/cus.bedzino.pl\/index.php?rest_route=\/wp\/v2\/users\/2"}],"replies":[{"embeddable":true,"href":"https:\/\/cus.bedzino.pl\/index.php?rest_route=%2Fwp%2Fv2%2Fcomments&post=664"}],"version-history":[{"count":1,"href":"https:\/\/cus.bedzino.pl\/index.php?rest_route=\/wp\/v2\/posts\/664\/revisions"}],"predecessor-version":[{"id":666,"href":"https:\/\/cus.bedzino.pl\/index.php?rest_route=\/wp\/v2\/posts\/664\/revisions\/666"}],"wp:attachment":[{"href":"https:\/\/cus.bedzino.pl\/index.php?rest_route=%2Fwp%2Fv2%2Fmedia&parent=664"}],"wp:term":[{"taxonomy":"category","embeddable":true,"href":"https:\/\/cus.bedzino.pl\/index.php?rest_route=%2Fwp%2Fv2%2Fcategories&post=664"},{"taxonomy":"post_tag","embeddable":true,"href":"https:\/\/cus.bedzino.pl\/index.php?rest_route=%2Fwp%2Fv2%2Ftags&post=664"}],"curies":[{"name":"wp","href":"https:\/\/api.w.org\/{rel}","templated":true}]}}