{"id":658,"date":"2025-09-01T07:40:27","date_gmt":"2025-09-01T05:40:27","guid":{"rendered":"https:\/\/cus.bedzino.pl\/?p=658"},"modified":"2026-02-24T13:45:16","modified_gmt":"2026-02-24T12:45:16","slug":"harmonogram-bezplatnych-porad-wrzesien-2025","status":"publish","type":"post","link":"https:\/\/cus.bedzino.pl\/?p=658","title":{"rendered":"Harmonogram bezp\u0142atnych porad WRZESIE\u0143 2025"},"content":{"rendered":"\n<figure class=\"wp-block-image size-large\"><img loading=\"lazy\" decoding=\"async\" width=\"1024\" height=\"724\" src=\"https:\/\/cus.bedzino.pl\/wp-content\/uploads\/2025\/09\/Harmonogram-bezplatnych-porad-Rirekisho-A3-2-1024x724.png\" alt=\"\" class=\"wp-image-670\" srcset=\"https:\/\/cus.bedzino.pl\/wp-content\/uploads\/2025\/09\/Harmonogram-bezplatnych-porad-Rirekisho-A3-2-1024x724.png 1024w, https:\/\/cus.bedzino.pl\/wp-content\/uploads\/2025\/09\/Harmonogram-bezplatnych-porad-Rirekisho-A3-2-300x212.png 300w, https:\/\/cus.bedzino.pl\/wp-content\/uploads\/2025\/09\/Harmonogram-bezplatnych-porad-Rirekisho-A3-2-768x543.png 768w, https:\/\/cus.bedzino.pl\/wp-content\/uploads\/2025\/09\/Harmonogram-bezplatnych-porad-Rirekisho-A3-2-1536x1086.png 1536w, https:\/\/cus.bedzino.pl\/wp-content\/uploads\/2025\/09\/Harmonogram-bezplatnych-porad-Rirekisho-A3-2.png 2000w\" sizes=\"auto, (max-width: 1024px) 100vw, 1024px\" \/><\/figure>\n\n\n\n<p>Zach\u0119camy do skorzystania z bezp\u0142atnych konsultacji z naszymi specjalistami!<\/p>\n\n\n\n<p>PSYCHOLOG<br>1.09 godz. 12:00 \u2013 19:00<br>8.09 godz. 14:00 \u2013 19:00<br><br>PRAWNIK<br>1.09 godz. 9.00 &#8211; 12.00<br>11.09 godz. 9.00 &#8211; 12.00<br>18.09 godz. 9.00 &#8211; 12.00<br>29.09 godz. 9.00 &#8211; 12.00<\/p>\n\n\n\n<p>Obowi\u0105zuj\u0105 wcze\u015bniejsze zapisy!<br><img loading=\"lazy\" decoding=\"async\" height=\"16\" width=\"16\" src=\"https:\/\/static.xx.fbcdn.net\/images\/emoji.php\/v9\/t4d\/1\/16\/1f4de.png\" alt=\"\ud83d\udcde\"> 573 954 389<\/p>\n\n\n\n<p>Zadanie realizowane w ramach projektu \u201eCentrum Us\u0142ug Spo\u0142ecznych \u2013 nowym miejscem rozwoju i integracji us\u0142ug spo\u0142ecznych\u201d dofinansowanego ze \u015brodk\u00f3w Europejskiego Funduszu Spo\u0142ecznego Plus w ramach FEPZ 2021-2027, Priorytet 6 Fundusze Europejskie na rzecz aktywnego Pomorza Zachodniego.<\/p>\n\n\n\n<p><a href=\"https:\/\/www.facebook.com\/hashtag\/cusb%C4%99dzino?__eep__=6&amp;__cft__[0]=AZW0HHK6P3Ci8hyE36xSHQe_kQLnDdUyI8yc_85du13CmMuXl5sK-CtSlD5Hh51PGtjFBgr5eNMwNpaPXmgLfukpLOvxuMw09vdZa48gh55diFTUJTZMfFMBWt8sQBWlqPyJDbAxDlwE3anHZNhITWqRqMoXaIMjzkjh5iT7DSEpTzwGJRnKaGzUR8KBcWn0YKNTqq-fn1eoGdwEYS8oj-Wk&amp;__tn__=*NK-R\">#CUSB\u0119dzino<\/a><br><a href=\"https:\/\/www.facebook.com\/hashtag\/centrumus%C5%82ugspo%C5%82ecznychwb%C4%99dzinie?__eep__=6&amp;__cft__[0]=AZW0HHK6P3Ci8hyE36xSHQe_kQLnDdUyI8yc_85du13CmMuXl5sK-CtSlD5Hh51PGtjFBgr5eNMwNpaPXmgLfukpLOvxuMw09vdZa48gh55diFTUJTZMfFMBWt8sQBWlqPyJDbAxDlwE3anHZNhITWqRqMoXaIMjzkjh5iT7DSEpTzwGJRnKaGzUR8KBcWn0YKNTqq-fn1eoGdwEYS8oj-Wk&amp;__tn__=*NK-R\">#CentrumUs\u0142ugSpo\u0142ecznychwB\u0119dzinie<\/a><br><a href=\"https:\/\/www.facebook.com\/hashtag\/pomocspo%C5%82eczna?__eep__=6&amp;__cft__[0]=AZW0HHK6P3Ci8hyE36xSHQe_kQLnDdUyI8yc_85du13CmMuXl5sK-CtSlD5Hh51PGtjFBgr5eNMwNpaPXmgLfukpLOvxuMw09vdZa48gh55diFTUJTZMfFMBWt8sQBWlqPyJDbAxDlwE3anHZNhITWqRqMoXaIMjzkjh5iT7DSEpTzwGJRnKaGzUR8KBcWn0YKNTqq-fn1eoGdwEYS8oj-Wk&amp;__tn__=*NK-R\">#PomocSpo\u0142eczna<\/a><br><a href=\"https:\/\/www.facebook.com\/hashtag\/funduszeeuropejskie?__eep__=6&amp;__cft__[0]=AZW0HHK6P3Ci8hyE36xSHQe_kQLnDdUyI8yc_85du13CmMuXl5sK-CtSlD5Hh51PGtjFBgr5eNMwNpaPXmgLfukpLOvxuMw09vdZa48gh55diFTUJTZMfFMBWt8sQBWlqPyJDbAxDlwE3anHZNhITWqRqMoXaIMjzkjh5iT7DSEpTzwGJRnKaGzUR8KBcWn0YKNTqq-fn1eoGdwEYS8oj-Wk&amp;__tn__=*NK-R\">#FunduszeEuropejskie<\/a><\/p>\n","protected":false},"excerpt":{"rendered":"<p>Zach\u0119camy do skorzystania z bezp\u0142atnych konsultacji z naszymi specjalistami! PSYCHOLOG1.09 godz. 12:00 \u2013 19:008.09 godz. 14:00 \u2013 19:00 PRAWNIK1.09 godz. 9.00 &#8211; 12.0011.09 godz. 9.00 &#8211; 12.0018.09 godz. 9.00 &#8211; 12.0029.09 godz. 9.00 &#8211; 12.00 Obowi\u0105zuj\u0105 wcze\u015bniejsze zapisy! 573 954&#8230; <a href=\"https:\/\/cus.bedzino.pl\/?p=658\" class=\"readmore\">Dowiedz si\u0119 wi\u0119cej<span class=\"screen-reader-text\">Harmonogram bezp\u0142atnych porad WRZESIE\u0143 2025<\/span><span class=\"fa fa-angle-double-right\" aria-hidden=\"true\"><\/span><\/a><\/p>\n","protected":false},"author":3,"featured_media":0,"comment_status":"closed","ping_status":"open","sticky":false,"template":"","format":"standard","meta":{"footnotes":""},"categories":[17,34],"tags":[],"class_list":["post-658","post","type-post","status-publish","format-standard","hentry","category-cus","category-uslugi","content-layout-excerpt-thumb"],"_links":{"self":[{"href":"https:\/\/cus.bedzino.pl\/index.php?rest_route=\/wp\/v2\/posts\/658","targetHints":{"allow":["GET"]}}],"collection":[{"href":"https:\/\/cus.bedzino.pl\/index.php?rest_route=\/wp\/v2\/posts"}],"about":[{"href":"https:\/\/cus.bedzino.pl\/index.php?rest_route=\/wp\/v2\/types\/post"}],"author":[{"embeddable":true,"href":"https:\/\/cus.bedzino.pl\/index.php?rest_route=\/wp\/v2\/users\/3"}],"replies":[{"embeddable":true,"href":"https:\/\/cus.bedzino.pl\/index.php?rest_route=%2Fwp%2Fv2%2Fcomments&post=658"}],"version-history":[{"count":3,"href":"https:\/\/cus.bedzino.pl\/index.php?rest_route=\/wp\/v2\/posts\/658\/revisions"}],"predecessor-version":[{"id":671,"href":"https:\/\/cus.bedzino.pl\/index.php?rest_route=\/wp\/v2\/posts\/658\/revisions\/671"}],"wp:attachment":[{"href":"https:\/\/cus.bedzino.pl\/index.php?rest_route=%2Fwp%2Fv2%2Fmedia&parent=658"}],"wp:term":[{"taxonomy":"category","embeddable":true,"href":"https:\/\/cus.bedzino.pl\/index.php?rest_route=%2Fwp%2Fv2%2Fcategories&post=658"},{"taxonomy":"post_tag","embeddable":true,"href":"https:\/\/cus.bedzino.pl\/index.php?rest_route=%2Fwp%2Fv2%2Ftags&post=658"}],"curies":[{"name":"wp","href":"https:\/\/api.w.org\/{rel}","templated":true}]}}