{"id":555,"date":"2025-07-31T17:43:40","date_gmt":"2025-07-31T15:43:40","guid":{"rendered":"https:\/\/cus.bedzino.pl\/?p=555"},"modified":"2026-02-24T13:44:36","modified_gmt":"2026-02-24T12:44:36","slug":"zmiana-lokalizacji-centrum-uslug-spolecznych-w-bedzinie","status":"publish","type":"post","link":"https:\/\/cus.bedzino.pl\/?p=555","title":{"rendered":"Zmiana lokalizacji Centrum Us\u0142ug Spo\u0142ecznych w B\u0119dzinie"},"content":{"rendered":"\n<figure class=\"wp-block-image size-full\"><img loading=\"lazy\" decoding=\"async\" width=\"940\" height=\"788\" src=\"https:\/\/cus.bedzino.pl\/wp-content\/uploads\/2025\/07\/Dodaj-naglowek-5.png\" alt=\"\" class=\"wp-image-556\" srcset=\"https:\/\/cus.bedzino.pl\/wp-content\/uploads\/2025\/07\/Dodaj-naglowek-5.png 940w, https:\/\/cus.bedzino.pl\/wp-content\/uploads\/2025\/07\/Dodaj-naglowek-5-300x251.png 300w, https:\/\/cus.bedzino.pl\/wp-content\/uploads\/2025\/07\/Dodaj-naglowek-5-768x644.png 768w\" sizes=\"auto, (max-width: 940px) 100vw, 940px\" \/><\/figure>\n\n\n\n<h3 class=\"wp-block-heading\" id=\"_r_cs_\"><a href=\"https:\/\/www.facebook.com\/profile.php?id=61558131693559&amp;__cft__[0]=AZXau1IjbpFEjPkW0Ui-NOuDgWQVif4rpD52f1X-p90RRAMbR_l7rjJ_XGtMDezrCW89S-rCQI-SeAG7Kb6DmDdGFRDS5Iun3XMjbLrT8YTMxWIdFLT7kF47CjwmUoIMxQWl5clbz9WN5yg8X3spAPYw&amp;__tn__=-UC%2CP-R\"><strong>Centrum Us\u0142ug Spo\u0142ecznych w B\u0119dzinie<\/strong><\/a><\/h3>\n\n\n\n<p>UWAGA! Zmiana organizacji Centrum Us\u0142ug Spo\u0142ecznych w B\u0119dzinie!<\/p>\n\n\n\n<p>Szanowni Pa\u0144stwo,<br>uprzejmie informujemy, \u017ce od dnia 1.08.2025 r. Centrum Us\u0142ug Spo\u0142ecznych w B\u0119dzinie funkcjonuje w nowej lokalizacji \u2013 w budynku Domu Kultury w B\u0119dzinie (B\u0119dzino 21). Zmiana ta jest spowodowana rozpocz\u0119ciem remontu dotychczasowej siedziby.<\/p>\n\n\n\n<p>W zwi\u0105zku z przeprowadzk\u0105 zmianie uleg\u0142o r\u00f3wnie\u017c rozlokowanie pracownik\u00f3w. Poni\u017cej przedstawiamy aktualny podzia\u0142 pi\u0119ter oraz dane kontaktowe:<\/p>\n\n\n\n<p>I PI\u0118TRO<\/p>\n\n\n\n<p>Stanowisko pierwszego kontaktu &#8211; Katarzyna Kowalska, k.kowalska@cus.bedzino.pl<\/p>\n\n\n\n<p>\u015awiadczenia (\u015bwiadczenia wychowawcze, dodatki mieszkaniowe, Karta Du\u017cej Rodziny, Karta Seniora, stypendia szkolne, Fundusz Alimentacyjny) &#8211; Marzena Smorga, m.smorga@cus.bedzino.pl, 573 954 139<\/p>\n\n\n\n<p>Praca socjalna:<\/p>\n\n\n\n<p>Joanna Cholewicz<br>j.cholewicz@cus.bedzino.pl, 694 462 595<\/p>\n\n\n\n<p>Rejon: Dobrzyca, M\u0105czno, Pakos\u0142aw, Podb\u00f3rz, Popowo, Strachomino, Strzepowo, Smolne, Wierzchomino, Wierzchominko, Zi\u0119brze<\/p>\n\n\n\n<p>Dorota Sosna<br>d.sosna@cus.bedzino.pl, 694 462 594<\/p>\n\n\n\n<p>Rejon: Barnin, Barninek, Kiszkowo, K\u0142adno, \u0141asin Koszali\u0144ski, \u0141opienica, Ple\u015bna, S\u0142owienkowo, \u015amiech\u00f3w, Tymie\u0144, Zagaje<\/p>\n\n\n\n<p>Klaudia \u017berdzi\u0144ska<br>k.zerdzinska@cus.bedzino.pl, 694 462 597<\/p>\n\n\n\n<p>Rejon: B\u0119dzino, B\u0119dzinko, Borkowice, Dworek, Kazimierz Pomorski, \u0141ekno, DPS, prace spo\u0142ecznie u\u017cyteczne, osoby bezdomne<\/p>\n\n\n\n<p>II PI\u0118TRO<\/p>\n\n\n\n<p>Dyrektor Centrum Us\u0142ug Spo\u0142ecznych &#8211; Robert Suszczak, dyrektor@cus.bedzino.pl, 573 954 374<\/p>\n\n\n\n<p>Dzia\u0142 ksi\u0119gowo-finansowy<\/p>\n\n\n\n<p>G\u0142\u00f3wna Ksi\u0119gowa \u2013 Anna Kowalska, <br>ksiegowosc@cus.bedzino.pl, 573 954 374<\/p>\n\n\n\n<p>Ksi\u0119gowa &#8211; Ma\u0142gorzata Mydlak<br>m.mydlak@cus.bedzino.pl, 573 954 374<\/p>\n\n\n\n<p>Stanowisko ds. kadr i p\u0142ac &#8211; Mariola Stolarczyk<br>kadry@cus.bedzino.pl, 573 954 374<\/p>\n\n\n\n<p>III PI\u0118TRO<\/p>\n\n\n\n<p>Organizator Pomocy Spo\u0142ecznej &#8211; Aleksandra Barut<br>a.barut@cus.bedzino.pl, 573 954 378<\/p>\n\n\n\n<p>Asystent rodziny &#8211; Natalia Obuchowicz &#8211; Markowska<br>n.obuchowicz-markowska@cus.bedzino.pl, 784 974 916<\/p>\n\n\n\n<p>\u015awiadczenia rodzinne, us\u0142ugi opieku\u0144cze &#8211; Ewelina Bondarowicz<br>e.bondarowicz@cus.bedzino.pl, 789 172 139<\/p>\n\n\n\n<p>Organizator spo\u0142eczno\u015bci lokalnej &#8211; Anna Sawicka<br>a.sawicka@cus.bedzino.pl, 608 237 677<\/p>\n\n\n\n<p>Pracownik socjalny &#8211; Monika Graczyk<br>m.graczyk@cus.bedzino.pl, 694 462 598<\/p>\n\n\n\n<p>Rejon: Dobies\u0142awiec, Dobre, Dobre Ma\u0142e, Komory, \u0141ubniki, M\u015bcice, Mi\u0142ogoszcz, Podamirowo, Przybyradz, Skrzeszewo, Strze\u017cenice, Stois\u0142aw, \u015awiercz, Uliszki, Wici\u0105\u017ce<\/p>\n\n\n\n<p>Dzi\u0119kujemy za zrozumienie i przepraszamy za ewentualne niedogodno\u015bci zwi\u0105zane z przeprowadzk\u0105.<\/p>\n","protected":false},"excerpt":{"rendered":"<p>Centrum Us\u0142ug Spo\u0142ecznych w B\u0119dzinie UWAGA! Zmiana organizacji Centrum Us\u0142ug Spo\u0142ecznych w B\u0119dzinie! Szanowni Pa\u0144stwo,uprzejmie informujemy, \u017ce od dnia 1.08.2025 r. Centrum Us\u0142ug Spo\u0142ecznych w B\u0119dzinie funkcjonuje w nowej lokalizacji \u2013 w budynku Domu Kultury w B\u0119dzinie (B\u0119dzino 21). Zmiana&#8230; <a href=\"https:\/\/cus.bedzino.pl\/?p=555\" class=\"readmore\">Dowiedz si\u0119 wi\u0119cej<span class=\"screen-reader-text\">Zmiana lokalizacji Centrum Us\u0142ug Spo\u0142ecznych w B\u0119dzinie<\/span><span class=\"fa fa-angle-double-right\" aria-hidden=\"true\"><\/span><\/a><\/p>\n","protected":false},"author":3,"featured_media":0,"comment_status":"closed","ping_status":"open","sticky":false,"template":"","format":"standard","meta":{"footnotes":""},"categories":[16,17],"tags":[],"class_list":["post-555","post","type-post","status-publish","format-standard","hentry","category-news","category-cus","content-layout-excerpt-thumb"],"_links":{"self":[{"href":"https:\/\/cus.bedzino.pl\/index.php?rest_route=\/wp\/v2\/posts\/555","targetHints":{"allow":["GET"]}}],"collection":[{"href":"https:\/\/cus.bedzino.pl\/index.php?rest_route=\/wp\/v2\/posts"}],"about":[{"href":"https:\/\/cus.bedzino.pl\/index.php?rest_route=\/wp\/v2\/types\/post"}],"author":[{"embeddable":true,"href":"https:\/\/cus.bedzino.pl\/index.php?rest_route=\/wp\/v2\/users\/3"}],"replies":[{"embeddable":true,"href":"https:\/\/cus.bedzino.pl\/index.php?rest_route=%2Fwp%2Fv2%2Fcomments&post=555"}],"version-history":[{"count":7,"href":"https:\/\/cus.bedzino.pl\/index.php?rest_route=\/wp\/v2\/posts\/555\/revisions"}],"predecessor-version":[{"id":798,"href":"https:\/\/cus.bedzino.pl\/index.php?rest_route=\/wp\/v2\/posts\/555\/revisions\/798"}],"wp:attachment":[{"href":"https:\/\/cus.bedzino.pl\/index.php?rest_route=%2Fwp%2Fv2%2Fmedia&parent=555"}],"wp:term":[{"taxonomy":"category","embeddable":true,"href":"https:\/\/cus.bedzino.pl\/index.php?rest_route=%2Fwp%2Fv2%2Fcategories&post=555"},{"taxonomy":"post_tag","embeddable":true,"href":"https:\/\/cus.bedzino.pl\/index.php?rest_route=%2Fwp%2Fv2%2Ftags&post=555"}],"curies":[{"name":"wp","href":"https:\/\/api.w.org\/{rel}","templated":true}]}}