{"id":551,"date":"2025-07-25T11:04:05","date_gmt":"2025-07-25T09:04:05","guid":{"rendered":"https:\/\/cus.bedzino.pl\/?p=551"},"modified":"2026-02-24T13:44:27","modified_gmt":"2026-02-24T12:44:27","slug":"uwaga-ograniczona-obsluga-klientow-w-dniu-29-lipca-wtorek","status":"publish","type":"post","link":"https:\/\/cus.bedzino.pl\/?p=551","title":{"rendered":"UWAGA! Ograniczona obs\u0142uga klient\u00f3w w dniu 29 lipca (wtorek)!"},"content":{"rendered":"\n<figure class=\"wp-block-image size-full\"><img loading=\"lazy\" decoding=\"async\" width=\"940\" height=\"788\" src=\"https:\/\/cus.bedzino.pl\/wp-content\/uploads\/2025\/07\/Projekt-bez-nazwy-31.png\" alt=\"\" class=\"wp-image-552\" srcset=\"https:\/\/cus.bedzino.pl\/wp-content\/uploads\/2025\/07\/Projekt-bez-nazwy-31.png 940w, https:\/\/cus.bedzino.pl\/wp-content\/uploads\/2025\/07\/Projekt-bez-nazwy-31-300x251.png 300w, https:\/\/cus.bedzino.pl\/wp-content\/uploads\/2025\/07\/Projekt-bez-nazwy-31-768x644.png 768w\" sizes=\"auto, (max-width: 940px) 100vw, 940px\" \/><\/figure>\n\n\n\n<p>Szanowni Mieszka\u0144cy Gminy B\u0119dzino,<br>w zwi\u0105zku z konieczno\u015bci\u0105 przeprowadzenia wszystkich biur Centrum Us\u0142ug Spo\u0142ecznych w B\u0119dzinie do innego budynku \u2013 spowodowan\u0105 remontem naszej obecnej siedziby \u2013 informujemy, \u017ce we wtorek 29 lipca 2025 r. obs\u0142uga klient\u00f3w b\u0119dzie ograniczona wy\u0142\u0105cznie do spraw pilnych.<\/p>\n\n\n\n<p>W tym dniu przyjmowanie dokument\u00f3w i wniosk\u00f3w b\u0119dzie mo\u017cliwe tylko w pokoju nr 2. W sprawach pilnych prosimy o kontakt telefoniczny pod numerem: 94 31 62 337.<\/p>\n\n\n\n<p>Dzi\u0119kujemy za wyrozumia\u0142o\u015b\u0107 i przepraszamy za wszelkie niedogodno\u015bci.<\/p>\n\n\n\n<p>Zesp\u00f3\u0142 CUS<\/p>\n\n\n\n<p>Zadanie realizowane w ramach projektu \u201eCentrum Us\u0142ug Spo\u0142ecznych \u2013 nowym miejscem rozwoju i integracji us\u0142ug spo\u0142ecznych\u201d dofinansowanego ze \u015brodk\u00f3w Europejskiego Funduszu Spo\u0142ecznego Plus w ramach FEPZ 2021-2027, Priorytet 6 Fundusze Europejskie na rzecz aktywnego Pomorza Zachodniego.<br>#CUSB\u0119dzino<br>#CentrumUs\u0142ugSpo\u0142ecznychwB\u0119dzinie<br>#PomocSpo\u0142eczna<br>#FunduszeEuropejskie<\/p>\n","protected":false},"excerpt":{"rendered":"<p>Szanowni Mieszka\u0144cy Gminy B\u0119dzino,w zwi\u0105zku z konieczno\u015bci\u0105 przeprowadzenia wszystkich biur Centrum Us\u0142ug Spo\u0142ecznych w B\u0119dzinie do innego budynku \u2013 spowodowan\u0105 remontem naszej obecnej siedziby \u2013 informujemy, \u017ce we wtorek 29 lipca 2025 r. obs\u0142uga klient\u00f3w b\u0119dzie ograniczona wy\u0142\u0105cznie do spraw&#8230; <a href=\"https:\/\/cus.bedzino.pl\/?p=551\" class=\"readmore\">Dowiedz si\u0119 wi\u0119cej<span class=\"screen-reader-text\">UWAGA! Ograniczona obs\u0142uga klient\u00f3w w dniu 29 lipca (wtorek)!<\/span><span class=\"fa fa-angle-double-right\" aria-hidden=\"true\"><\/span><\/a><\/p>\n","protected":false},"author":3,"featured_media":0,"comment_status":"closed","ping_status":"open","sticky":false,"template":"","format":"standard","meta":{"footnotes":""},"categories":[16],"tags":[],"class_list":["post-551","post","type-post","status-publish","format-standard","hentry","category-news","content-layout-excerpt-thumb"],"_links":{"self":[{"href":"https:\/\/cus.bedzino.pl\/index.php?rest_route=\/wp\/v2\/posts\/551","targetHints":{"allow":["GET"]}}],"collection":[{"href":"https:\/\/cus.bedzino.pl\/index.php?rest_route=\/wp\/v2\/posts"}],"about":[{"href":"https:\/\/cus.bedzino.pl\/index.php?rest_route=\/wp\/v2\/types\/post"}],"author":[{"embeddable":true,"href":"https:\/\/cus.bedzino.pl\/index.php?rest_route=\/wp\/v2\/users\/3"}],"replies":[{"embeddable":true,"href":"https:\/\/cus.bedzino.pl\/index.php?rest_route=%2Fwp%2Fv2%2Fcomments&post=551"}],"version-history":[{"count":1,"href":"https:\/\/cus.bedzino.pl\/index.php?rest_route=\/wp\/v2\/posts\/551\/revisions"}],"predecessor-version":[{"id":553,"href":"https:\/\/cus.bedzino.pl\/index.php?rest_route=\/wp\/v2\/posts\/551\/revisions\/553"}],"wp:attachment":[{"href":"https:\/\/cus.bedzino.pl\/index.php?rest_route=%2Fwp%2Fv2%2Fmedia&parent=551"}],"wp:term":[{"taxonomy":"category","embeddable":true,"href":"https:\/\/cus.bedzino.pl\/index.php?rest_route=%2Fwp%2Fv2%2Fcategories&post=551"},{"taxonomy":"post_tag","embeddable":true,"href":"https:\/\/cus.bedzino.pl\/index.php?rest_route=%2Fwp%2Fv2%2Ftags&post=551"}],"curies":[{"name":"wp","href":"https:\/\/api.w.org\/{rel}","templated":true}]}}