{"id":523,"date":"2025-07-02T12:01:35","date_gmt":"2025-07-02T10:01:35","guid":{"rendered":"https:\/\/cus.bedzino.pl\/?p=523"},"modified":"2026-02-24T13:43:25","modified_gmt":"2026-02-24T12:43:25","slug":"rusza-korpus-wsparcia-seniorow-2025-modul-i-uslugi-sasiedzkie","status":"publish","type":"post","link":"https:\/\/cus.bedzino.pl\/?p=523","title":{"rendered":"Rusza \u201eKorpus Wsparcia Senior\u00f3w 2025 \u2013 Modu\u0142 I: Us\u0142ugi s\u0105siedzkie\u201d!"},"content":{"rendered":"\n<figure class=\"wp-block-image size-full\"><img loading=\"lazy\" decoding=\"async\" width=\"940\" height=\"788\" src=\"https:\/\/cus.bedzino.pl\/wp-content\/uploads\/2025\/07\/Projekt-bez-nazwy-29.png\" alt=\"\" class=\"wp-image-524\" srcset=\"https:\/\/cus.bedzino.pl\/wp-content\/uploads\/2025\/07\/Projekt-bez-nazwy-29.png 940w, https:\/\/cus.bedzino.pl\/wp-content\/uploads\/2025\/07\/Projekt-bez-nazwy-29-300x251.png 300w, https:\/\/cus.bedzino.pl\/wp-content\/uploads\/2025\/07\/Projekt-bez-nazwy-29-768x644.png 768w\" sizes=\"auto, (max-width: 940px) 100vw, 940px\" \/><\/figure>\n\n\n\n<p>Centrum Us\u0142ug Spo\u0142ecznych w B\u0119dzinie informuje, \u017ce rozpocz\u0105\u0142 si\u0119 nab\u00f3r do programu \u201eKorpus Wsparcia Senior\u00f3w \u2013 Modu\u0142 I\u201d, wspieraj\u0105cy gminy w zakresie dzia\u0142a\u0144 samopomocowych poprzez uruchomienie i utrzymanie us\u0142ug opieku\u0144czych \u015bwiadczonych w formie us\u0142ug s\u0105siedzkich.<br>Wsparcie skierowane jest do os\u00f3b starszych, kt\u00f3re chc\u0105 pozosta\u0107 w swoim \u015brodowisku, a jednocze\u015bnie potrzebuj\u0105 pomocy w codziennym funkcjonowaniu.<br><br>Program przeznaczony jest dla:<br>&#8211; os\u00f3b w wieku 60 lat i wi\u0119cej,<br>&#8211; mieszka\u0144c\u00f3w gminy B\u0119dzino,<br>&#8211; os\u00f3b, kt\u00f3re z powodu wieku, stanu zdrowia lub sytuacji \u017cyciowej wymagaj\u0105 wsparcia w codziennych obowi\u0105zkach,<br>&#8211; senior\u00f3w mieszkaj\u0105cych samotnie lub z osobami, kt\u00f3re nie s\u0105 w stanie zapewni\u0107 im odpowiedniej opieki.<br><br>Us\u0142ugi s\u0105siedzkie to forma pomocy realizowana przez osoby z najbli\u017cszego otoczenia seniora (np. s\u0105siad\u00f3w), kt\u00f3re:<br>&#8211; pomagaj\u0105 w zaspokajaniu podstawowych potrzeb \u017cyciowych,<br>&#8211; wspieraj\u0105 seniora w czynno\u015bciach dnia codziennego (np. zakupy, przygotowanie posi\u0142ku, pomoc w utrzymaniu porz\u0105dku),<br>&#8211; towarzysz\u0105 seniorowi, wspieraj\u0105c go emocjonalnie i przeciwdzia\u0142aj\u0105c jego samotno\u015bci,<br>&#8211; nie wykonuj\u0105 czynno\u015bci medycznych ani specjalistycznej opieki piel\u0119gnacyjnej.<\/p>\n\n\n\n<p>Udzia\u0142 w programie jest bezp\u0142atny dla os\u00f3b spe\u0142niaj\u0105cych kryteria.<br>Wi\u0119cej informacji mo\u017cna uzyska\u0107 w Centrum Us\u0142ug Spo\u0142ecznych w B\u0119dzinie<br>tel. +48\u00a094\u00a03162 337, 789\u00a0172 139.<br><br>Zach\u0119camy do udzia\u0142u! To szansa na popraw\u0119 komfortu \u017cycia senior\u00f3w w naszej gminie \u2013 z pomoc\u0105 \u017cyczliwych, serdecznych os\u00f3b.<\/p>\n","protected":false},"excerpt":{"rendered":"<p>Centrum Us\u0142ug Spo\u0142ecznych w B\u0119dzinie informuje, \u017ce rozpocz\u0105\u0142 si\u0119 nab\u00f3r do programu \u201eKorpus Wsparcia Senior\u00f3w \u2013 Modu\u0142 I\u201d, wspieraj\u0105cy gminy w zakresie dzia\u0142a\u0144 samopomocowych poprzez uruchomienie i utrzymanie us\u0142ug opieku\u0144czych \u015bwiadczonych w formie us\u0142ug s\u0105siedzkich.Wsparcie skierowane jest do os\u00f3b starszych,&#8230; <a href=\"https:\/\/cus.bedzino.pl\/?p=523\" class=\"readmore\">Dowiedz si\u0119 wi\u0119cej<span class=\"screen-reader-text\">Rusza \u201eKorpus Wsparcia Senior\u00f3w 2025 \u2013 Modu\u0142 I: Us\u0142ugi s\u0105siedzkie\u201d!<\/span><span class=\"fa fa-angle-double-right\" aria-hidden=\"true\"><\/span><\/a><\/p>\n","protected":false},"author":3,"featured_media":0,"comment_status":"closed","ping_status":"open","sticky":false,"template":"","format":"standard","meta":{"footnotes":""},"categories":[16,17,32],"tags":[],"class_list":["post-523","post","type-post","status-publish","format-standard","hentry","category-news","category-cus","category-seniorzy","content-layout-excerpt-thumb"],"_links":{"self":[{"href":"https:\/\/cus.bedzino.pl\/index.php?rest_route=\/wp\/v2\/posts\/523","targetHints":{"allow":["GET"]}}],"collection":[{"href":"https:\/\/cus.bedzino.pl\/index.php?rest_route=\/wp\/v2\/posts"}],"about":[{"href":"https:\/\/cus.bedzino.pl\/index.php?rest_route=\/wp\/v2\/types\/post"}],"author":[{"embeddable":true,"href":"https:\/\/cus.bedzino.pl\/index.php?rest_route=\/wp\/v2\/users\/3"}],"replies":[{"embeddable":true,"href":"https:\/\/cus.bedzino.pl\/index.php?rest_route=%2Fwp%2Fv2%2Fcomments&post=523"}],"version-history":[{"count":2,"href":"https:\/\/cus.bedzino.pl\/index.php?rest_route=\/wp\/v2\/posts\/523\/revisions"}],"predecessor-version":[{"id":529,"href":"https:\/\/cus.bedzino.pl\/index.php?rest_route=\/wp\/v2\/posts\/523\/revisions\/529"}],"wp:attachment":[{"href":"https:\/\/cus.bedzino.pl\/index.php?rest_route=%2Fwp%2Fv2%2Fmedia&parent=523"}],"wp:term":[{"taxonomy":"category","embeddable":true,"href":"https:\/\/cus.bedzino.pl\/index.php?rest_route=%2Fwp%2Fv2%2Fcategories&post=523"},{"taxonomy":"post_tag","embeddable":true,"href":"https:\/\/cus.bedzino.pl\/index.php?rest_route=%2Fwp%2Fv2%2Ftags&post=523"}],"curies":[{"name":"wp","href":"https:\/\/api.w.org\/{rel}","templated":true}]}}