{"id":496,"date":"2025-06-25T11:02:02","date_gmt":"2025-06-25T09:02:02","guid":{"rendered":"https:\/\/cus.bedzino.pl\/?p=496"},"modified":"2026-02-24T13:40:52","modified_gmt":"2026-02-24T12:40:52","slug":"wsparcie-pedagogiczne","status":"publish","type":"post","link":"https:\/\/cus.bedzino.pl\/?p=496","title":{"rendered":"Wsparcie pedagogiczne"},"content":{"rendered":"\n<figure class=\"wp-block-image size-full\"><img loading=\"lazy\" decoding=\"async\" width=\"940\" height=\"788\" src=\"https:\/\/cus.bedzino.pl\/wp-content\/uploads\/2025\/06\/Projekt-bez-nazwy-25.png\" alt=\"\" class=\"wp-image-497\" srcset=\"https:\/\/cus.bedzino.pl\/wp-content\/uploads\/2025\/06\/Projekt-bez-nazwy-25.png 940w, https:\/\/cus.bedzino.pl\/wp-content\/uploads\/2025\/06\/Projekt-bez-nazwy-25-300x251.png 300w, https:\/\/cus.bedzino.pl\/wp-content\/uploads\/2025\/06\/Projekt-bez-nazwy-25-768x644.png 768w\" sizes=\"auto, (max-width: 940px) 100vw, 940px\" \/><\/figure>\n\n\n\n<p>Centrum Us\u0142ug Spo\u0142ecznych w B\u0119dzinie zaprasza mieszka\u0144c\u00f3w na bezp\u0142atne porady pedagoga, kt\u00f3re odb\u0119d\u0105 si\u0119 w pi\u0105tek, 27 czerwca 2025 r., w godzinach od 15:30 do 18:30.<\/p>\n\n\n\n<p>Z <a><\/a>konsultacji mog\u0105 skorzysta\u0107 rodzice, opiekunowie oraz osoby potrzebuj\u0105ce wsparcia w zakresie wychowania, relacji rodzinnych, trudno\u015bci szkolnych dzieci i m\u0142odzie\u017cy, a tak\u017ce komunikacji z dzieckiem.<\/p>\n\n\n\n<p>Spotkanie odb\u0119dzie si\u0119 w siedzibie CUS B\u0119dzino. Ze wzgl\u0119du na ograniczon\u0105 liczb\u0119 miejsc, prosimy o wcze\u015bniejsze zapisy telefoniczne.<\/p>\n\n\n\n<p><img loading=\"lazy\" decoding=\"async\" height=\"16\" width=\"16\" alt=\"\ud83d\udcde\" src=\"https:\/\/static.xx.fbcdn.net\/images\/emoji.php\/v9\/t4d\/1\/16\/1f4de.png\"> Telefon do zapis\u00f3w: 94 3162 337 wew. 23 lub 694 462 594<\/p>\n\n\n\n<p>Zach\u0119camy do skorzystania z profesjonalnego wsparcia \u2013 rozmowa z pedagogiem mo\u017ce pom\u00f3c znale\u017a\u0107 rozwi\u0105zania w codziennych wyzwaniach wychowawczych!<\/p>\n\n\n\n<p>Zadanie realizowane w ramach projektu &#8222;Centrum Us\u0142ug Spo\u0142ecznych &#8211; nowym miejscem rozwoju i integracji us\u0142ug spo\u0142ecznych&#8221; dofinansowanego ze \u015brodk\u00f3w Europejskiego Funduszu Spo\u0142ecznego Plus w ramach FEPZ 2021-2027, Priorytet 6 Fundusze Europejskie na rzecz aktywnego Pomorza Zachodniego.<\/p>\n\n\n\n<p><a href=\"https:\/\/www.facebook.com\/hashtag\/cusb%C4%99dzino?__eep__=6&amp;__cft__[0]=AZVVnu5ucA9D4Phm60qUhRm6qoojqHXmTkqvRx9XqOqfFGJXtQMe8qAc8n4VMVsCZnF3IjcfY71GfTBsnMNbwRroHj1pzWiPtakw2kpibEOCqyizZjT80nOU3HZc9kET5OAszYlxUcGN3kqjVwJV9L-mmnSB2Tgz8TYONZ79ZZnCKTLqrKdZAH_fRlN3GR7v8brq5S3tyPYoZAOKsCP97HaF&amp;__tn__=*NK-R\">#CUSB\u0119dzino<\/a><a href=\"https:\/\/www.facebook.com\/hashtag\/centrumus%C5%82ugspo%C5%82ecznychwb%C4%99dzinie?__eep__=6&amp;__cft__[0]=AZVVnu5ucA9D4Phm60qUhRm6qoojqHXmTkqvRx9XqOqfFGJXtQMe8qAc8n4VMVsCZnF3IjcfY71GfTBsnMNbwRroHj1pzWiPtakw2kpibEOCqyizZjT80nOU3HZc9kET5OAszYlxUcGN3kqjVwJV9L-mmnSB2Tgz8TYONZ79ZZnCKTLqrKdZAH_fRlN3GR7v8brq5S3tyPYoZAOKsCP97HaF&amp;__tn__=*NK-R\">#CentrumUs\u0142ugSpo\u0142ecznychwB\u0119dzinie<\/a><a href=\"https:\/\/www.facebook.com\/hashtag\/pomocspo%C5%82eczna?__eep__=6&amp;__cft__[0]=AZVVnu5ucA9D4Phm60qUhRm6qoojqHXmTkqvRx9XqOqfFGJXtQMe8qAc8n4VMVsCZnF3IjcfY71GfTBsnMNbwRroHj1pzWiPtakw2kpibEOCqyizZjT80nOU3HZc9kET5OAszYlxUcGN3kqjVwJV9L-mmnSB2Tgz8TYONZ79ZZnCKTLqrKdZAH_fRlN3GR7v8brq5S3tyPYoZAOKsCP97HaF&amp;__tn__=*NK-R\">#PomocSpo\u0142eczna<\/a><a href=\"https:\/\/www.facebook.com\/hashtag\/funduszeeuropejskie?__eep__=6&amp;__cft__[0]=AZVVnu5ucA9D4Phm60qUhRm6qoojqHXmTkqvRx9XqOqfFGJXtQMe8qAc8n4VMVsCZnF3IjcfY71GfTBsnMNbwRroHj1pzWiPtakw2kpibEOCqyizZjT80nOU3HZc9kET5OAszYlxUcGN3kqjVwJV9L-mmnSB2Tgz8TYONZ79ZZnCKTLqrKdZAH_fRlN3GR7v8brq5S3tyPYoZAOKsCP97HaF&amp;__tn__=*NK-R\">#FunduszeEuropejskie<\/a><\/p>\n","protected":false},"excerpt":{"rendered":"<p>Centrum Us\u0142ug Spo\u0142ecznych w B\u0119dzinie zaprasza mieszka\u0144c\u00f3w na bezp\u0142atne porady pedagoga, kt\u00f3re odb\u0119d\u0105 si\u0119 w pi\u0105tek, 27 czerwca 2025 r., w godzinach od 15:30 do 18:30. Z konsultacji mog\u0105 skorzysta\u0107 rodzice, opiekunowie oraz osoby potrzebuj\u0105ce wsparcia w zakresie wychowania, relacji&#8230; <a href=\"https:\/\/cus.bedzino.pl\/?p=496\" class=\"readmore\">Dowiedz si\u0119 wi\u0119cej<span class=\"screen-reader-text\">Wsparcie pedagogiczne<\/span><span class=\"fa fa-angle-double-right\" aria-hidden=\"true\"><\/span><\/a><\/p>\n","protected":false},"author":3,"featured_media":0,"comment_status":"closed","ping_status":"open","sticky":false,"template":"","format":"standard","meta":{"footnotes":""},"categories":[17,34],"tags":[],"class_list":["post-496","post","type-post","status-publish","format-standard","hentry","category-cus","category-uslugi","content-layout-excerpt-thumb"],"_links":{"self":[{"href":"https:\/\/cus.bedzino.pl\/index.php?rest_route=\/wp\/v2\/posts\/496","targetHints":{"allow":["GET"]}}],"collection":[{"href":"https:\/\/cus.bedzino.pl\/index.php?rest_route=\/wp\/v2\/posts"}],"about":[{"href":"https:\/\/cus.bedzino.pl\/index.php?rest_route=\/wp\/v2\/types\/post"}],"author":[{"embeddable":true,"href":"https:\/\/cus.bedzino.pl\/index.php?rest_route=\/wp\/v2\/users\/3"}],"replies":[{"embeddable":true,"href":"https:\/\/cus.bedzino.pl\/index.php?rest_route=%2Fwp%2Fv2%2Fcomments&post=496"}],"version-history":[{"count":1,"href":"https:\/\/cus.bedzino.pl\/index.php?rest_route=\/wp\/v2\/posts\/496\/revisions"}],"predecessor-version":[{"id":498,"href":"https:\/\/cus.bedzino.pl\/index.php?rest_route=\/wp\/v2\/posts\/496\/revisions\/498"}],"wp:attachment":[{"href":"https:\/\/cus.bedzino.pl\/index.php?rest_route=%2Fwp%2Fv2%2Fmedia&parent=496"}],"wp:term":[{"taxonomy":"category","embeddable":true,"href":"https:\/\/cus.bedzino.pl\/index.php?rest_route=%2Fwp%2Fv2%2Fcategories&post=496"},{"taxonomy":"post_tag","embeddable":true,"href":"https:\/\/cus.bedzino.pl\/index.php?rest_route=%2Fwp%2Fv2%2Ftags&post=496"}],"curies":[{"name":"wp","href":"https:\/\/api.w.org\/{rel}","templated":true}]}}