{"id":493,"date":"2025-06-23T15:00:00","date_gmt":"2025-06-23T13:00:00","guid":{"rendered":"https:\/\/cus.bedzino.pl\/?p=493"},"modified":"2026-02-24T13:40:12","modified_gmt":"2026-02-24T12:40:12","slug":"zyczenia-z-okazji-dnia-ojca","status":"publish","type":"post","link":"https:\/\/cus.bedzino.pl\/?p=493","title":{"rendered":"\u017byczenia z okazji Dnia Ojca"},"content":{"rendered":"\n<figure class=\"wp-block-image size-full\"><img loading=\"lazy\" decoding=\"async\" width=\"940\" height=\"788\" src=\"https:\/\/cus.bedzino.pl\/wp-content\/uploads\/2025\/06\/Projekt-bez-nazwy-24.png\" alt=\"\" class=\"wp-image-494\" srcset=\"https:\/\/cus.bedzino.pl\/wp-content\/uploads\/2025\/06\/Projekt-bez-nazwy-24.png 940w, https:\/\/cus.bedzino.pl\/wp-content\/uploads\/2025\/06\/Projekt-bez-nazwy-24-300x251.png 300w, https:\/\/cus.bedzino.pl\/wp-content\/uploads\/2025\/06\/Projekt-bez-nazwy-24-768x644.png 768w\" sizes=\"auto, (max-width: 940px) 100vw, 940px\" \/><\/figure>\n\n\n\n<p>Z okazji Dnia Ojca wszystkim Tatom sk\u0142adamy najserdeczniejsze \u017cyczenia zdrowia, rado\u015bci, cierpliwo\u015bci i dumy z bycia Ojcem.<\/p>\n\n\n\n<p>Dzi\u0119kujemy za Wasz\u0105 codzienn\u0105 obecno\u015b\u0107, <a><\/a>trosk\u0119, wsparcie i si\u0142\u0119, kt\u00f3r\u0105 dajecie swoim dzieciom i rodzinom.<\/p>\n\n\n\n<p>Niech ka\u017cdy dzie\u0144 przynosi Wam satysfakcj\u0119 z pe\u0142nienia tej wyj\u0105tkowej roli i b\u0119dzie \u017ar\u00f3d\u0142em szcz\u0119\u015bcia oraz wzrusze\u0144.<\/p>\n\n\n\n<p>Zesp\u00f3\u0142 Centrum Us\u0142ug Spo\u0142ecznych w B\u0119dzinie<\/p>\n\n\n\n<p>Zadanie realizowane w ramach projektu &#8222;Centrum Us\u0142ug Spo\u0142ecznych &#8211; nowym miejscem rozwoju i integracji us\u0142ug spo\u0142ecznych&#8221; dofinansowanego ze \u015brodk\u00f3w Europejskiego Funduszu Spo\u0142ecznego Plus w ramach FEPZ 2021-2027, Priorytet 6 Fundusze Europejskie na rzecz aktywnego Pomorza Zachodniego.<\/p>\n\n\n\n<p><a href=\"https:\/\/www.facebook.com\/hashtag\/cusb%C4%99dzino?__eep__=6&amp;__cft__[0]=AZWvKOpYsqly4GC3kSvo-P_TocNDHmVc-QgKWI8yhwABbUr0ZmCWJzjAF2s8JZND79o7GgMgSGCRTbVNJ6YwIAEfjtH-q_eAXrbQa7u-UlxpIhVlITCq3Y3grTvYCDjguer-NMTAQwetk4jG26Xd4K2RswOx9JLuXzU2UjR0_pzlP9bjEh17A6zTe4Bmak3_9OM&amp;__tn__=*NK-R\">#CUSB\u0119dzino<\/a><a href=\"https:\/\/www.facebook.com\/hashtag\/centrumus%C5%82ugspo%C5%82ecznychwb%C4%99dzinie?__eep__=6&amp;__cft__[0]=AZWvKOpYsqly4GC3kSvo-P_TocNDHmVc-QgKWI8yhwABbUr0ZmCWJzjAF2s8JZND79o7GgMgSGCRTbVNJ6YwIAEfjtH-q_eAXrbQa7u-UlxpIhVlITCq3Y3grTvYCDjguer-NMTAQwetk4jG26Xd4K2RswOx9JLuXzU2UjR0_pzlP9bjEh17A6zTe4Bmak3_9OM&amp;__tn__=*NK-R\">#CentrumUs\u0142ugSpo\u0142ecznychwB\u0119dzinie<\/a><\/p>\n\n\n\n<p><a href=\"https:\/\/www.facebook.com\/hashtag\/pomocspo%C5%82eczna?__eep__=6&amp;__cft__[0]=AZWvKOpYsqly4GC3kSvo-P_TocNDHmVc-QgKWI8yhwABbUr0ZmCWJzjAF2s8JZND79o7GgMgSGCRTbVNJ6YwIAEfjtH-q_eAXrbQa7u-UlxpIhVlITCq3Y3grTvYCDjguer-NMTAQwetk4jG26Xd4K2RswOx9JLuXzU2UjR0_pzlP9bjEh17A6zTe4Bmak3_9OM&amp;__tn__=*NK-R\">#PomocSpo\u0142eczna<\/a><\/p>\n\n\n\n<p><a href=\"https:\/\/www.facebook.com\/hashtag\/funduszeeuropejskie?__eep__=6&amp;__cft__[0]=AZWvKOpYsqly4GC3kSvo-P_TocNDHmVc-QgKWI8yhwABbUr0ZmCWJzjAF2s8JZND79o7GgMgSGCRTbVNJ6YwIAEfjtH-q_eAXrbQa7u-UlxpIhVlITCq3Y3grTvYCDjguer-NMTAQwetk4jG26Xd4K2RswOx9JLuXzU2UjR0_pzlP9bjEh17A6zTe4Bmak3_9OM&amp;__tn__=*NK-R\">#FunduszeEuropejskie<\/a><\/p>\n\n\n\n<p><\/p>\n","protected":false},"excerpt":{"rendered":"<p>Z okazji Dnia Ojca wszystkim Tatom sk\u0142adamy najserdeczniejsze \u017cyczenia zdrowia, rado\u015bci, cierpliwo\u015bci i dumy z bycia Ojcem. Dzi\u0119kujemy za Wasz\u0105 codzienn\u0105 obecno\u015b\u0107, trosk\u0119, wsparcie i si\u0142\u0119, kt\u00f3r\u0105 dajecie swoim dzieciom i rodzinom. Niech ka\u017cdy dzie\u0144 przynosi Wam satysfakcj\u0119 z pe\u0142nienia&#8230; <a href=\"https:\/\/cus.bedzino.pl\/?p=493\" class=\"readmore\">Dowiedz si\u0119 wi\u0119cej<span class=\"screen-reader-text\">\u017byczenia z okazji Dnia Ojca<\/span><span class=\"fa fa-angle-double-right\" aria-hidden=\"true\"><\/span><\/a><\/p>\n","protected":false},"author":3,"featured_media":0,"comment_status":"closed","ping_status":"open","sticky":false,"template":"","format":"standard","meta":{"footnotes":""},"categories":[16],"tags":[],"class_list":["post-493","post","type-post","status-publish","format-standard","hentry","category-news","content-layout-excerpt-thumb"],"_links":{"self":[{"href":"https:\/\/cus.bedzino.pl\/index.php?rest_route=\/wp\/v2\/posts\/493","targetHints":{"allow":["GET"]}}],"collection":[{"href":"https:\/\/cus.bedzino.pl\/index.php?rest_route=\/wp\/v2\/posts"}],"about":[{"href":"https:\/\/cus.bedzino.pl\/index.php?rest_route=\/wp\/v2\/types\/post"}],"author":[{"embeddable":true,"href":"https:\/\/cus.bedzino.pl\/index.php?rest_route=\/wp\/v2\/users\/3"}],"replies":[{"embeddable":true,"href":"https:\/\/cus.bedzino.pl\/index.php?rest_route=%2Fwp%2Fv2%2Fcomments&post=493"}],"version-history":[{"count":1,"href":"https:\/\/cus.bedzino.pl\/index.php?rest_route=\/wp\/v2\/posts\/493\/revisions"}],"predecessor-version":[{"id":495,"href":"https:\/\/cus.bedzino.pl\/index.php?rest_route=\/wp\/v2\/posts\/493\/revisions\/495"}],"wp:attachment":[{"href":"https:\/\/cus.bedzino.pl\/index.php?rest_route=%2Fwp%2Fv2%2Fmedia&parent=493"}],"wp:term":[{"taxonomy":"category","embeddable":true,"href":"https:\/\/cus.bedzino.pl\/index.php?rest_route=%2Fwp%2Fv2%2Fcategories&post=493"},{"taxonomy":"post_tag","embeddable":true,"href":"https:\/\/cus.bedzino.pl\/index.php?rest_route=%2Fwp%2Fv2%2Ftags&post=493"}],"curies":[{"name":"wp","href":"https:\/\/api.w.org\/{rel}","templated":true}]}}