{"id":464,"date":"2025-05-30T07:43:47","date_gmt":"2025-05-30T05:43:47","guid":{"rendered":"https:\/\/cus.bedzino.pl\/?p=464"},"modified":"2026-02-24T13:39:19","modified_gmt":"2026-02-24T12:39:19","slug":"wolontariat-wystartowal","status":"publish","type":"post","link":"https:\/\/cus.bedzino.pl\/?p=464","title":{"rendered":"Wolontariat wystartowa\u0142!"},"content":{"rendered":"\n<figure class=\"wp-block-image size-large\"><img loading=\"lazy\" decoding=\"async\" width=\"1024\" height=\"538\" src=\"https:\/\/cus.bedzino.pl\/wp-content\/uploads\/2025\/05\/Projekt-bez-nazwy-17-1024x538.png\" alt=\"\" class=\"wp-image-465\" srcset=\"https:\/\/cus.bedzino.pl\/wp-content\/uploads\/2025\/05\/Projekt-bez-nazwy-17-1024x538.png 1024w, https:\/\/cus.bedzino.pl\/wp-content\/uploads\/2025\/05\/Projekt-bez-nazwy-17-300x158.png 300w, https:\/\/cus.bedzino.pl\/wp-content\/uploads\/2025\/05\/Projekt-bez-nazwy-17-768x403.png 768w, https:\/\/cus.bedzino.pl\/wp-content\/uploads\/2025\/05\/Projekt-bez-nazwy-17.png 1200w\" sizes=\"auto, (max-width: 1024px) 100vw, 1024px\" \/><\/figure>\n\n\n\n<p>We wtorek, 27 maja, odby\u0142o si\u0119 wyj\u0105tkowe spotkanie z naszymi wolontariuszami \u2013 m\u0142odzie\u017c\u0105, kt\u00f3ra w\u0142\u0105czy\u0142a si\u0119 w przygotowania do nadchodz\u0105cego <a href=\"https:\/\/www.facebook.com\/events\/1577321036296387\/?__cft__[0]=AZUq1iBTuDGN26Dcs8CKfbamkDQByBXDdKNrho-Rbw6B_SnNcRel9PTu3kJBZLV_frALmaquWFiEdx_MQpamOh0xOpeBdVluFk9OiGwPcR_wkRH68O61ajmYmf4a0dtRMt46fTLtFSNtwONdOog6R3tmvD5cyGAViLXgh8I2kETe-w8x8O7z9Fx4-hvIg7SmjG1cENMMFZT0VGPhfDHwTMLZ&amp;__tn__=-UK-R\">I PIKNIK S\u0104SIEDZKI W B\u0118DZINIE<\/a>. By\u0142o to nie tylko zebranie organizacyjne, ale r\u00f3wnie\u017c kr\u00f3tkie szkolenie, kt\u00f3re pozwoli\u0142o uczestnikom lepiej przygotowa\u0107 si\u0119 do swoich zada\u0144 podczas wydarzenia.<\/p>\n\n\n\n<p>A tych nie zabraknie! Nasi m\u0142odzi wolontariusze b\u0119d\u0105 odpowiedzialni za prowadzenie r\u00f3\u017cnorodnych atrakcji dla najm\u0142odszych uczestnik\u00f3w pikniku. W programie znajdzie si\u0119 m.in. malowanie twarzy, modelowanie balon\u00f3w, ba\u0144ki mydlane XXL oraz kreatywne zabawy i animacje dla dzieci.<\/p>\n\n\n\n<p>To, co szczeg\u00f3lnie cieszy, to ich zaanga\u017cowanie, energia i ch\u0119\u0107 do dzia\u0142ania. S\u0105 niesamowici \u2013 pomys\u0142owi, z inicjatyw\u0105, i (ju\u017c na tym etapie!) \u015bwietnie zorganizowani. Wida\u0107, \u017ce naprawd\u0119 zale\u017cy im na tym, by wsp\u00f3lnie zrobi\u0107 co\u015b fajnego<\/p>\n\n\n\n<p>Piknik z Wami zapowiada si\u0119 wspaniale!<img loading=\"lazy\" decoding=\"async\" height=\"16\" width=\"16\" alt=\"\ud83d\ude0a\" src=\"https:\/\/static.xx.fbcdn.net\/images\/emoji.php\/v9\/t7f\/1\/16\/1f60a.png\"><\/p>\n\n\n\n<p><a href=\"https:\/\/www.facebook.com\/hashtag\/cusb%C4%99dzino?__eep__=6&amp;__cft__[0]=AZUq1iBTuDGN26Dcs8CKfbamkDQByBXDdKNrho-Rbw6B_SnNcRel9PTu3kJBZLV_frALmaquWFiEdx_MQpamOh0xOpeBdVluFk9OiGwPcR_wkRH68O61ajmYmf4a0dtRMt46fTLtFSNtwONdOog6R3tmvD5cyGAViLXgh8I2kETe-w8x8O7z9Fx4-hvIg7SmjG1cENMMFZT0VGPhfDHwTMLZ&amp;__tn__=*NK-R\">#CUSB\u0119dzino<\/a><a href=\"https:\/\/www.facebook.com\/hashtag\/centrumus%C5%82ugspo%C5%82ecznychwb%C4%99dzinie?__eep__=6&amp;__cft__[0]=AZUq1iBTuDGN26Dcs8CKfbamkDQByBXDdKNrho-Rbw6B_SnNcRel9PTu3kJBZLV_frALmaquWFiEdx_MQpamOh0xOpeBdVluFk9OiGwPcR_wkRH68O61ajmYmf4a0dtRMt46fTLtFSNtwONdOog6R3tmvD5cyGAViLXgh8I2kETe-w8x8O7z9Fx4-hvIg7SmjG1cENMMFZT0VGPhfDHwTMLZ&amp;__tn__=*NK-R\">#CentrumUs\u0142ugSpo\u0142ecznychwB\u0119dzinie<\/a><a href=\"https:\/\/www.facebook.com\/hashtag\/pomocspo%C5%82eczna?__eep__=6&amp;__cft__[0]=AZUq1iBTuDGN26Dcs8CKfbamkDQByBXDdKNrho-Rbw6B_SnNcRel9PTu3kJBZLV_frALmaquWFiEdx_MQpamOh0xOpeBdVluFk9OiGwPcR_wkRH68O61ajmYmf4a0dtRMt46fTLtFSNtwONdOog6R3tmvD5cyGAViLXgh8I2kETe-w8x8O7z9Fx4-hvIg7SmjG1cENMMFZT0VGPhfDHwTMLZ&amp;__tn__=*NK-R\">#PomocSpo\u0142eczna<\/a><a href=\"https:\/\/www.facebook.com\/hashtag\/funduszeeuropejskie?__eep__=6&amp;__cft__[0]=AZUq1iBTuDGN26Dcs8CKfbamkDQByBXDdKNrho-Rbw6B_SnNcRel9PTu3kJBZLV_frALmaquWFiEdx_MQpamOh0xOpeBdVluFk9OiGwPcR_wkRH68O61ajmYmf4a0dtRMt46fTLtFSNtwONdOog6R3tmvD5cyGAViLXgh8I2kETe-w8x8O7z9Fx4-hvIg7SmjG1cENMMFZT0VGPhfDHwTMLZ&amp;__tn__=*NK-R\">#FunduszeEuropejskie<\/a><\/p>\n\n\n\n<p>Zadanie realizowane w ramach projektu &#8222;Centrum Us\u0142ug Spo\u0142ecznych &#8211; nowym miejscem rozwoju i integracji us\u0142ug spo\u0142ecznych&#8221; dofinansowanego ze \u015brodk\u00f3w Europejskiego Funduszu Spo\u0142ecznego Plus w ramach FEPZ 2021-2027, Priorytet 6 Fundusze Europejskie na rzecz aktywnego Pomorza Zachodniego.<\/p>\n\n\n\n<figure class=\"wp-block-image size-full\"><img loading=\"lazy\" decoding=\"async\" width=\"1000\" height=\"111\" src=\"http:\/\/cus.bedzino.pl\/wp-content\/uploads\/2025\/01\/ciag_pozioma_kolor.png\" alt=\"\" class=\"wp-image-170\" srcset=\"https:\/\/cus.bedzino.pl\/wp-content\/uploads\/2025\/01\/ciag_pozioma_kolor.png 1000w, https:\/\/cus.bedzino.pl\/wp-content\/uploads\/2025\/01\/ciag_pozioma_kolor-300x33.png 300w, https:\/\/cus.bedzino.pl\/wp-content\/uploads\/2025\/01\/ciag_pozioma_kolor-768x85.png 768w\" sizes=\"auto, (max-width: 1000px) 100vw, 1000px\" \/><\/figure>\n","protected":false},"excerpt":{"rendered":"<p>We wtorek, 27 maja, odby\u0142o si\u0119 wyj\u0105tkowe spotkanie z naszymi wolontariuszami \u2013 m\u0142odzie\u017c\u0105, kt\u00f3ra w\u0142\u0105czy\u0142a si\u0119 w przygotowania do nadchodz\u0105cego I PIKNIK S\u0104SIEDZKI W B\u0118DZINIE. By\u0142o to nie tylko zebranie organizacyjne, ale r\u00f3wnie\u017c kr\u00f3tkie szkolenie, kt\u00f3re pozwoli\u0142o uczestnikom lepiej przygotowa\u0107&#8230; <a href=\"https:\/\/cus.bedzino.pl\/?p=464\" class=\"readmore\">Dowiedz si\u0119 wi\u0119cej<span class=\"screen-reader-text\">Wolontariat wystartowa\u0142!<\/span><span class=\"fa fa-angle-double-right\" aria-hidden=\"true\"><\/span><\/a><\/p>\n","protected":false},"author":3,"featured_media":0,"comment_status":"closed","ping_status":"open","sticky":false,"template":"","format":"standard","meta":{"footnotes":""},"categories":[17,36],"tags":[],"class_list":["post-464","post","type-post","status-publish","format-standard","hentry","category-cus","category-wolontariat","content-layout-excerpt-thumb"],"_links":{"self":[{"href":"https:\/\/cus.bedzino.pl\/index.php?rest_route=\/wp\/v2\/posts\/464","targetHints":{"allow":["GET"]}}],"collection":[{"href":"https:\/\/cus.bedzino.pl\/index.php?rest_route=\/wp\/v2\/posts"}],"about":[{"href":"https:\/\/cus.bedzino.pl\/index.php?rest_route=\/wp\/v2\/types\/post"}],"author":[{"embeddable":true,"href":"https:\/\/cus.bedzino.pl\/index.php?rest_route=\/wp\/v2\/users\/3"}],"replies":[{"embeddable":true,"href":"https:\/\/cus.bedzino.pl\/index.php?rest_route=%2Fwp%2Fv2%2Fcomments&post=464"}],"version-history":[{"count":1,"href":"https:\/\/cus.bedzino.pl\/index.php?rest_route=\/wp\/v2\/posts\/464\/revisions"}],"predecessor-version":[{"id":466,"href":"https:\/\/cus.bedzino.pl\/index.php?rest_route=\/wp\/v2\/posts\/464\/revisions\/466"}],"wp:attachment":[{"href":"https:\/\/cus.bedzino.pl\/index.php?rest_route=%2Fwp%2Fv2%2Fmedia&parent=464"}],"wp:term":[{"taxonomy":"category","embeddable":true,"href":"https:\/\/cus.bedzino.pl\/index.php?rest_route=%2Fwp%2Fv2%2Fcategories&post=464"},{"taxonomy":"post_tag","embeddable":true,"href":"https:\/\/cus.bedzino.pl\/index.php?rest_route=%2Fwp%2Fv2%2Ftags&post=464"}],"curies":[{"name":"wp","href":"https:\/\/api.w.org\/{rel}","templated":true}]}}