{"id":460,"date":"2025-05-27T22:01:47","date_gmt":"2025-05-27T20:01:47","guid":{"rendered":"https:\/\/cus.bedzino.pl\/?p=460"},"modified":"2026-02-24T13:39:04","modified_gmt":"2026-02-24T12:39:04","slug":"zyczenia-z-okazji-dnia-samorzadu-terytorialnego","status":"publish","type":"post","link":"https:\/\/cus.bedzino.pl\/?p=460","title":{"rendered":"\u017byczenia z okazji Dnia Samorz\u0105du Terytorialnego"},"content":{"rendered":"\n<figure class=\"wp-block-image size-large\"><img loading=\"lazy\" decoding=\"async\" width=\"1024\" height=\"1024\" src=\"https:\/\/cus.bedzino.pl\/wp-content\/uploads\/2025\/05\/Projekt-bez-nazwy-16-1024x1024.png\" alt=\"\" class=\"wp-image-461\" srcset=\"https:\/\/cus.bedzino.pl\/wp-content\/uploads\/2025\/05\/Projekt-bez-nazwy-16-1024x1024.png 1024w, https:\/\/cus.bedzino.pl\/wp-content\/uploads\/2025\/05\/Projekt-bez-nazwy-16-300x300.png 300w, https:\/\/cus.bedzino.pl\/wp-content\/uploads\/2025\/05\/Projekt-bez-nazwy-16-150x150.png 150w, https:\/\/cus.bedzino.pl\/wp-content\/uploads\/2025\/05\/Projekt-bez-nazwy-16-768x768.png 768w, https:\/\/cus.bedzino.pl\/wp-content\/uploads\/2025\/05\/Projekt-bez-nazwy-16.png 1080w\" sizes=\"auto, (max-width: 1024px) 100vw, 1024px\" \/><\/figure>\n\n\n\n<p>Z okazji Dnia Samorz\u0105du Terytorialnego i Dnia Pracownika Samorz\u0105dowego sk\u0142adamy serdeczne \u017cyczenia wszystkim, kt\u00f3rzy codziennie wsp\u00f3\u0142tworz\u0105 lokaln\u0105 wsp\u00f3lnot\u0119 samorz\u0105dow\u0105.<br>Praca w samorz\u0105dzie ma ogromne znaczenie \u2013 to dzi\u0119ki niej nasza Gmina rozwija si\u0119 i staje si\u0119 coraz lepszym miejscem do \u017cycia.<\/p>\n\n\n\n<p>Dzi\u0119kujemy za zaanga\u017cowanie, wytrwa\u0142o\u015b\u0107 i pasj\u0119, z jak\u0105 realizujecie Pa\u0144stwo swoje zadania na rzecz mieszka\u0144c\u00f3w. \u017byczymy wielu powod\u00f3w do dumy <br>z pe\u0142nionej roli, si\u0142 do realizacji nowych wyzwa\u0144, sukces\u00f3w oraz harmonii <br>w \u017cyciu prywatnym i zawodowym.<\/p>\n\n\n\n<p>Zesp\u00f3\u0142 Centrum Us\u0142ug Spo\u0142ecznych w B\u0119dzinie<\/p>\n\n\n\n<figure class=\"wp-block-image size-full\"><img loading=\"lazy\" decoding=\"async\" width=\"1000\" height=\"111\" src=\"http:\/\/cus.bedzino.pl\/wp-content\/uploads\/2025\/01\/ciag_pozioma_kolor.png\" alt=\"\" class=\"wp-image-170\" srcset=\"https:\/\/cus.bedzino.pl\/wp-content\/uploads\/2025\/01\/ciag_pozioma_kolor.png 1000w, https:\/\/cus.bedzino.pl\/wp-content\/uploads\/2025\/01\/ciag_pozioma_kolor-300x33.png 300w, https:\/\/cus.bedzino.pl\/wp-content\/uploads\/2025\/01\/ciag_pozioma_kolor-768x85.png 768w\" sizes=\"auto, (max-width: 1000px) 100vw, 1000px\" \/><\/figure>\n\n\n\n<p>Zadanie realizowane w ramach projektu &#8222;Centrum Us\u0142ug Spo\u0142ecznych &#8211; nowym miejscem rozwoju i integracji us\u0142ug spo\u0142ecznych&#8221; dofinansowanego ze \u015brodk\u00f3w Europejskiego Funduszu Spo\u0142ecznego Plus w ramach FEPZ 2021-2027, Priorytet 6 Fundusze Europejskie na rzecz aktywnego Pomorza Zachodniego.<\/p>\n","protected":false},"excerpt":{"rendered":"<p>Z okazji Dnia Samorz\u0105du Terytorialnego i Dnia Pracownika Samorz\u0105dowego sk\u0142adamy serdeczne \u017cyczenia wszystkim, kt\u00f3rzy codziennie wsp\u00f3\u0142tworz\u0105 lokaln\u0105 wsp\u00f3lnot\u0119 samorz\u0105dow\u0105.Praca w samorz\u0105dzie ma ogromne znaczenie \u2013 to dzi\u0119ki niej nasza Gmina rozwija si\u0119 i staje si\u0119 coraz lepszym miejscem do \u017cycia&#8230;. <a href=\"https:\/\/cus.bedzino.pl\/?p=460\" class=\"readmore\">Dowiedz si\u0119 wi\u0119cej<span class=\"screen-reader-text\">\u017byczenia z okazji Dnia Samorz\u0105du Terytorialnego<\/span><span class=\"fa fa-angle-double-right\" aria-hidden=\"true\"><\/span><\/a><\/p>\n","protected":false},"author":3,"featured_media":0,"comment_status":"closed","ping_status":"open","sticky":false,"template":"","format":"standard","meta":{"footnotes":""},"categories":[16],"tags":[],"class_list":["post-460","post","type-post","status-publish","format-standard","hentry","category-news","content-layout-excerpt-thumb"],"_links":{"self":[{"href":"https:\/\/cus.bedzino.pl\/index.php?rest_route=\/wp\/v2\/posts\/460","targetHints":{"allow":["GET"]}}],"collection":[{"href":"https:\/\/cus.bedzino.pl\/index.php?rest_route=\/wp\/v2\/posts"}],"about":[{"href":"https:\/\/cus.bedzino.pl\/index.php?rest_route=\/wp\/v2\/types\/post"}],"author":[{"embeddable":true,"href":"https:\/\/cus.bedzino.pl\/index.php?rest_route=\/wp\/v2\/users\/3"}],"replies":[{"embeddable":true,"href":"https:\/\/cus.bedzino.pl\/index.php?rest_route=%2Fwp%2Fv2%2Fcomments&post=460"}],"version-history":[{"count":2,"href":"https:\/\/cus.bedzino.pl\/index.php?rest_route=\/wp\/v2\/posts\/460\/revisions"}],"predecessor-version":[{"id":463,"href":"https:\/\/cus.bedzino.pl\/index.php?rest_route=\/wp\/v2\/posts\/460\/revisions\/463"}],"wp:attachment":[{"href":"https:\/\/cus.bedzino.pl\/index.php?rest_route=%2Fwp%2Fv2%2Fmedia&parent=460"}],"wp:term":[{"taxonomy":"category","embeddable":true,"href":"https:\/\/cus.bedzino.pl\/index.php?rest_route=%2Fwp%2Fv2%2Fcategories&post=460"},{"taxonomy":"post_tag","embeddable":true,"href":"https:\/\/cus.bedzino.pl\/index.php?rest_route=%2Fwp%2Fv2%2Ftags&post=460"}],"curies":[{"name":"wp","href":"https:\/\/api.w.org\/{rel}","templated":true}]}}