{"id":444,"date":"2025-05-19T11:37:19","date_gmt":"2025-05-19T09:37:19","guid":{"rendered":"https:\/\/cus.bedzino.pl\/?p=444"},"modified":"2026-02-24T13:38:02","modified_gmt":"2026-02-24T12:38:02","slug":"ty-jestes-zmiana-na-ktora-czekasz-spotkanie-dla-mlodziezy","status":"publish","type":"post","link":"https:\/\/cus.bedzino.pl\/?p=444","title":{"rendered":"TY jeste\u015b zmian\u0105, na kt\u00f3r\u0105 czekasz! &#8211; spotkanie dla m\u0142odzie\u017cy"},"content":{"rendered":"\n<figure class=\"wp-block-image size-large\"><img loading=\"lazy\" decoding=\"async\" width=\"1024\" height=\"576\" src=\"https:\/\/cus.bedzino.pl\/wp-content\/uploads\/2025\/05\/plakat-spotkanie-wolontariuszy-1920-x-1080-px-1024x576.png\" alt=\"\" class=\"wp-image-445\" srcset=\"https:\/\/cus.bedzino.pl\/wp-content\/uploads\/2025\/05\/plakat-spotkanie-wolontariuszy-1920-x-1080-px-1024x576.png 1024w, https:\/\/cus.bedzino.pl\/wp-content\/uploads\/2025\/05\/plakat-spotkanie-wolontariuszy-1920-x-1080-px-300x169.png 300w, https:\/\/cus.bedzino.pl\/wp-content\/uploads\/2025\/05\/plakat-spotkanie-wolontariuszy-1920-x-1080-px-768x432.png 768w, https:\/\/cus.bedzino.pl\/wp-content\/uploads\/2025\/05\/plakat-spotkanie-wolontariuszy-1920-x-1080-px-1536x864.png 1536w, https:\/\/cus.bedzino.pl\/wp-content\/uploads\/2025\/05\/plakat-spotkanie-wolontariuszy-1920-x-1080-px.png 1920w\" sizes=\"auto, (max-width: 1024px) 100vw, 1024px\" \/><\/figure>\n\n\n\n<p>Hej!<br>Masz czasem wra\u017cenie, \u017ce \u015bwiat jest jaki\u015b taki\u2026nie bardzo? \u017be wiele rzeczy nie dzia\u0142a tak, jak powinno? Wiadomo \u2013 nie zmienisz wszystkiego w jeden dzie\u0144. Ale mo\u017cesz zacz\u0105\u0107 tam, gdzie jeste\u015b. Tu i teraz \u2013 zacz\u0105\u0107 zmienia\u0107 \u015bwiat od Twojego najbli\u017cszego otoczenia. Bo mo\u017cesz mie\u0107 wp\u0142yw na to, co i jak si\u0119 dzieje blisko Ciebie! Masz w g\u0142owie jaki\u015b szalony plan? Super \u2013 czas dzia\u0142a\u0107!<br><br>To Ty mo\u017cesz:<br>&#8211; widzie\u0107 problem<br>&#8211; wymy\u015bli\u0107 rozwi\u0105zanie<br>&#8211; zorganizowa\u0107 ludzi<br>&#8211; DZIA\u0141A\u0106!<br><br>Przyjd\u017a do CUSu w pi\u0105tek, 23 maja o godz. 17.00 na spotkanie z Organizatorem Spo\u0142eczno\u015bci Lokalnej. Poznamy si\u0119, pogadamy, pomy\u015blimy czego potrzebuje m\u0142odzie\u017c w Gminie B\u0119dzino, zaplanujemy dzia\u0142ania.<br><br>Pami\u0119taj \u2013 TO TY JESTE\u015a ZMIAN\u0104, NA KT\u00d3R\u0104 CZEKASZ<br><br>PS. Co daje wolontariat opr\u00f3cz satysfakcji?<br>&#8211; skille, kt\u00f3re zostan\u0105 z Tob\u0105 na zawsze (ogarnianie projekt\u00f3w, teamwork, leadership, zarz\u0105dzanie czasem),<br>&#8211; do\u015bwiadczenie, kt\u00f3re \u015bwietnie wygl\u0105da w CV ( i naprawd\u0119 dzia\u0142a w rekrutacjach!),<br>&#8211; znajomo\u015bci, z kt\u00f3rych mog\u0105 urodzi\u0107 si\u0119 wsp\u00f3lne akcje, projekty, a mo\u017ce i przyja\u017anie,<br>&#8211; poczucie, \u017ce robisz co\u015b, co ma znaczenie!<br><br>Do zobaczenie w CUSie! \ud83d\ude42<br><br>Wi\u0119cej informacji:<br>Organizator Spo\u0142eczno\u015bci Lokalnej<br>Anna Sawicka<br>a.sawicka@cus.bedzino.pl<br>608 237 677<br><br>Zadanie realizowane w ramach projektu &#8222;Centrum Us\u0142ug Spo\u0142ecznych &#8211; nowym miejscem rozwoju i integracji us\u0142ug spo\u0142ecznych&#8221; dofinansowanego ze \u015brodk\u00f3w Europejskiego Funduszu Spo\u0142ecznego Plus w ramach FEPZ 2021-2027, Priorytet 6 Fundusze Europejskie na rzecz aktywnego Pomorza Zachodniego.<\/p>\n\n\n\n<figure class=\"wp-block-image size-full\"><img loading=\"lazy\" decoding=\"async\" width=\"1000\" height=\"111\" src=\"http:\/\/cus.bedzino.pl\/wp-content\/uploads\/2025\/01\/ciag_pozioma_kolor.png\" alt=\"\" class=\"wp-image-170\" srcset=\"https:\/\/cus.bedzino.pl\/wp-content\/uploads\/2025\/01\/ciag_pozioma_kolor.png 1000w, https:\/\/cus.bedzino.pl\/wp-content\/uploads\/2025\/01\/ciag_pozioma_kolor-300x33.png 300w, https:\/\/cus.bedzino.pl\/wp-content\/uploads\/2025\/01\/ciag_pozioma_kolor-768x85.png 768w\" sizes=\"auto, (max-width: 1000px) 100vw, 1000px\" \/><\/figure>\n","protected":false},"excerpt":{"rendered":"<p>Hej!Masz czasem wra\u017cenie, \u017ce \u015bwiat jest jaki\u015b taki\u2026nie bardzo? \u017be wiele rzeczy nie dzia\u0142a tak, jak powinno? Wiadomo \u2013 nie zmienisz wszystkiego w jeden dzie\u0144. Ale mo\u017cesz zacz\u0105\u0107 tam, gdzie jeste\u015b. Tu i teraz \u2013 zacz\u0105\u0107 zmienia\u0107 \u015bwiat od Twojego&#8230; <a href=\"https:\/\/cus.bedzino.pl\/?p=444\" class=\"readmore\">Dowiedz si\u0119 wi\u0119cej<span class=\"screen-reader-text\">TY jeste\u015b zmian\u0105, na kt\u00f3r\u0105 czekasz! &#8211; spotkanie dla m\u0142odzie\u017cy<\/span><span class=\"fa fa-angle-double-right\" aria-hidden=\"true\"><\/span><\/a><\/p>\n","protected":false},"author":3,"featured_media":0,"comment_status":"closed","ping_status":"closed","sticky":false,"template":"","format":"standard","meta":{"footnotes":""},"categories":[16,36],"tags":[],"class_list":["post-444","post","type-post","status-publish","format-standard","hentry","category-news","category-wolontariat","content-layout-excerpt-thumb"],"_links":{"self":[{"href":"https:\/\/cus.bedzino.pl\/index.php?rest_route=\/wp\/v2\/posts\/444","targetHints":{"allow":["GET"]}}],"collection":[{"href":"https:\/\/cus.bedzino.pl\/index.php?rest_route=\/wp\/v2\/posts"}],"about":[{"href":"https:\/\/cus.bedzino.pl\/index.php?rest_route=\/wp\/v2\/types\/post"}],"author":[{"embeddable":true,"href":"https:\/\/cus.bedzino.pl\/index.php?rest_route=\/wp\/v2\/users\/3"}],"replies":[{"embeddable":true,"href":"https:\/\/cus.bedzino.pl\/index.php?rest_route=%2Fwp%2Fv2%2Fcomments&post=444"}],"version-history":[{"count":3,"href":"https:\/\/cus.bedzino.pl\/index.php?rest_route=\/wp\/v2\/posts\/444\/revisions"}],"predecessor-version":[{"id":458,"href":"https:\/\/cus.bedzino.pl\/index.php?rest_route=\/wp\/v2\/posts\/444\/revisions\/458"}],"wp:attachment":[{"href":"https:\/\/cus.bedzino.pl\/index.php?rest_route=%2Fwp%2Fv2%2Fmedia&parent=444"}],"wp:term":[{"taxonomy":"category","embeddable":true,"href":"https:\/\/cus.bedzino.pl\/index.php?rest_route=%2Fwp%2Fv2%2Fcategories&post=444"},{"taxonomy":"post_tag","embeddable":true,"href":"https:\/\/cus.bedzino.pl\/index.php?rest_route=%2Fwp%2Fv2%2Ftags&post=444"}],"curies":[{"name":"wp","href":"https:\/\/api.w.org\/{rel}","templated":true}]}}