{"id":441,"date":"2025-05-19T11:32:51","date_gmt":"2025-05-19T09:32:51","guid":{"rendered":"https:\/\/cus.bedzino.pl\/?p=441"},"modified":"2026-02-24T13:38:40","modified_gmt":"2026-02-24T12:38:40","slug":"i-piknik-sasiedzki-w-bedzinie","status":"publish","type":"post","link":"https:\/\/cus.bedzino.pl\/?p=441","title":{"rendered":"I Piknik S\u0105siedzki w B\u0119dzinie"},"content":{"rendered":"\n<figure class=\"wp-block-image size-large\"><img loading=\"lazy\" decoding=\"async\" width=\"1024\" height=\"576\" src=\"http:\/\/cus.bedzino.pl\/wp-content\/uploads\/2025\/05\/PIKNIK-1024x576.png\" alt=\"\" class=\"wp-image-442\" srcset=\"https:\/\/cus.bedzino.pl\/wp-content\/uploads\/2025\/05\/PIKNIK-1024x576.png 1024w, https:\/\/cus.bedzino.pl\/wp-content\/uploads\/2025\/05\/PIKNIK-300x169.png 300w, https:\/\/cus.bedzino.pl\/wp-content\/uploads\/2025\/05\/PIKNIK-768x432.png 768w, https:\/\/cus.bedzino.pl\/wp-content\/uploads\/2025\/05\/PIKNIK-1536x864.png 1536w, https:\/\/cus.bedzino.pl\/wp-content\/uploads\/2025\/05\/PIKNIK.png 1920w\" sizes=\"auto, (max-width: 1024px) 100vw, 1024px\" \/><\/figure>\n\n\n\n<p>Europejski Dzie\u0144 S\u0105siada to wyj\u0105tkowa okazja do budowania silniejszych wi\u0119zi mi\u0119dzyludzkich i wzmacniania wsp\u00f3lnoty lokalnej. Z tej okazji Centrum Us\u0142ug Spo\u0142ecznych w B\u0119dzinie organizuje I Piknik S\u0105siedzki, kt\u00f3ry odb\u0119dzie si\u0119 30 maja 2025 roku w godzinach 16.00 \u2013 22.00 na terenie Zakola w B\u0119dzinie. Impreza jest obj\u0119ta patronatem W\u00f3jt Gminy B\u0119dzino Sylwii Halamy.<br><br>Celem wydarzenia jest integracja mieszka\u0144c\u00f3w, promowanie dobrych relacji s\u0105siedzkich, a tak\u017ce zaprezentowanie lokalnych instytucji, stowarzysze\u0144 i inicjatyw spo\u0142ecznych. Chcemy, aby piknik sta\u0142 si\u0119 miejscem spotka\u0144, wymiany do\u015bwiadcze\u0144 i dobrej zabawy dla ca\u0142ych rodzin \u2013 od najm\u0142odszych po senior\u00f3w.<br><br>Zapraszamy do wsp\u00f3\u0142organizacji!<br><br>Aby to wydarzenie by\u0142o bardzie j wyj\u0105tkowe zapraszamy do wsp\u00f3\u0142pracy:<br>&#8211; lokalne stowarzyszenia, organizacje spo\u0142eczne, instytucje oraz wolontariuszy (mo\u017cliwo\u015b\u0107 zaprezentowania swojej dzia\u0142alno\u015bci i przygotowania atrakcji dla mieszka\u0144c\u00f3w),<br>&#8211; Ochotnicze Stra\u017ce Po\u017carne (pokaz sprz\u0119tu i umiej\u0119tno\u015bci ratowniczych, edukacja w zakresie bezpiecze\u0144stwa),<br>&#8211; lokalne firmy i przedsi\u0119biorc\u00f3w (zaprezentowanie us\u0142ug i produkt\u00f3w oraz mo\u017cliwo\u015b\u0107 wsparcia organizacyjnego pikniku),<br>&#8211; r\u0119kodzielnik\u00f3w i prywatnych wystawc\u00f3w (mo\u017cliwo\u015b\u0107 wystawienia i&nbsp; promocji swoich wyrob\u00f3w),<br>&#8211; szko\u0142y i plac\u00f3wki edukacyjne (wyst\u0119py dzieci i m\u0142odzie\u017cy, konkursy oraz dzia\u0142ania promuj\u0105ce edukacj\u0119 i aktywno\u015b\u0107 spo\u0142eczn\u0105),<br>&#8211; mieszka\u0144c\u00f3w Gminy B\u0119dzino (ka\u017cdy mo\u017ce do\u0142o\u017cy\u0107 swoj\u0105 cegie\u0142k\u0119 do organizacji pikniku, np. przygotowuj\u0105c pocz\u0119stunek lub pomagaj\u0105c jako wolontariusz).<br><br>Co nas czeka podczas Pikniku?<br>&#8211; stoiska wystawc\u00f3w z r\u0119kodzie\u0142em, pocz\u0119stunkiem, prezentacj\u0105 organizacji<br>&#8211; zabawy integracyjne dla dzieci i doros\u0142ych<br>&#8211; konkursy z nagrodami<br>&#8211; pokazy artystyczne i inne<br>&#8211; ognisko z kie\u0142baskami<br>&#8211; zabaw\u0119 taneczn\u0105 z Dj-em<br>&nbsp;<br>Aby do\u0142\u0105czy\u0107 do wydarzenia ze swoim stoiskiem zapraszamy do kontaktu:<br>Centrum Us\u0142ug Spo\u0142ecznych w B\u0119dzinie<br>B\u0119dzino 56<br>Koordynator wydarzenia<br>OSL Anna Sawicka<br><a href=\"mailto:a.sawicka@cus.bedzino.pl\">a.sawicka@cus.bedzino.pl<\/a><br>tel. 608&nbsp;237 677<br><br>Zadanie realizowane w ramach projektu &#8222;Centrum Us\u0142ug Spo\u0142ecznych &#8211; nowym miejscem rozwoju i integracji us\u0142ug spo\u0142ecznych&#8221; dofinansowanego ze \u015brodk\u00f3w Europejskiego Funduszu Spo\u0142ecznego Plus w ramach FEPZ 2021-2027, Priorytet 6 Fundusze Europejskie na rzecz aktywnego Pomorza Zachodniego.<\/p>\n\n\n\n<figure class=\"wp-block-image size-full\"><img loading=\"lazy\" decoding=\"async\" width=\"1000\" height=\"111\" src=\"http:\/\/cus.bedzino.pl\/wp-content\/uploads\/2025\/01\/ciag_pozioma_kolor.png\" alt=\"\" class=\"wp-image-170\" srcset=\"https:\/\/cus.bedzino.pl\/wp-content\/uploads\/2025\/01\/ciag_pozioma_kolor.png 1000w, https:\/\/cus.bedzino.pl\/wp-content\/uploads\/2025\/01\/ciag_pozioma_kolor-300x33.png 300w, https:\/\/cus.bedzino.pl\/wp-content\/uploads\/2025\/01\/ciag_pozioma_kolor-768x85.png 768w\" sizes=\"auto, (max-width: 1000px) 100vw, 1000px\" \/><\/figure>\n","protected":false},"excerpt":{"rendered":"<p>Europejski Dzie\u0144 S\u0105siada to wyj\u0105tkowa okazja do budowania silniejszych wi\u0119zi mi\u0119dzyludzkich i wzmacniania wsp\u00f3lnoty lokalnej. Z tej okazji Centrum Us\u0142ug Spo\u0142ecznych w B\u0119dzinie organizuje I Piknik S\u0105siedzki, kt\u00f3ry odb\u0119dzie si\u0119 30 maja 2025 roku w godzinach 16.00 \u2013 22.00 na&#8230; <a href=\"https:\/\/cus.bedzino.pl\/?p=441\" class=\"readmore\">Dowiedz si\u0119 wi\u0119cej<span class=\"screen-reader-text\">I Piknik S\u0105siedzki w B\u0119dzinie<\/span><span class=\"fa fa-angle-double-right\" aria-hidden=\"true\"><\/span><\/a><\/p>\n","protected":false},"author":3,"featured_media":0,"comment_status":"closed","ping_status":"open","sticky":false,"template":"","format":"standard","meta":{"footnotes":""},"categories":[16,17],"tags":[],"class_list":["post-441","post","type-post","status-publish","format-standard","hentry","category-news","category-cus","content-layout-excerpt-thumb"],"_links":{"self":[{"href":"https:\/\/cus.bedzino.pl\/index.php?rest_route=\/wp\/v2\/posts\/441","targetHints":{"allow":["GET"]}}],"collection":[{"href":"https:\/\/cus.bedzino.pl\/index.php?rest_route=\/wp\/v2\/posts"}],"about":[{"href":"https:\/\/cus.bedzino.pl\/index.php?rest_route=\/wp\/v2\/types\/post"}],"author":[{"embeddable":true,"href":"https:\/\/cus.bedzino.pl\/index.php?rest_route=\/wp\/v2\/users\/3"}],"replies":[{"embeddable":true,"href":"https:\/\/cus.bedzino.pl\/index.php?rest_route=%2Fwp%2Fv2%2Fcomments&post=441"}],"version-history":[{"count":3,"href":"https:\/\/cus.bedzino.pl\/index.php?rest_route=\/wp\/v2\/posts\/441\/revisions"}],"predecessor-version":[{"id":459,"href":"https:\/\/cus.bedzino.pl\/index.php?rest_route=\/wp\/v2\/posts\/441\/revisions\/459"}],"wp:attachment":[{"href":"https:\/\/cus.bedzino.pl\/index.php?rest_route=%2Fwp%2Fv2%2Fmedia&parent=441"}],"wp:term":[{"taxonomy":"category","embeddable":true,"href":"https:\/\/cus.bedzino.pl\/index.php?rest_route=%2Fwp%2Fv2%2Fcategories&post=441"},{"taxonomy":"post_tag","embeddable":true,"href":"https:\/\/cus.bedzino.pl\/index.php?rest_route=%2Fwp%2Fv2%2Ftags&post=441"}],"curies":[{"name":"wp","href":"https:\/\/api.w.org\/{rel}","templated":true}]}}