{"id":420,"date":"2025-04-24T07:26:16","date_gmt":"2025-04-24T05:26:16","guid":{"rendered":"https:\/\/cus.bedzino.pl\/?p=420"},"modified":"2025-04-24T07:26:45","modified_gmt":"2025-04-24T05:26:45","slug":"pomoc-zywnosciowa","status":"publish","type":"post","link":"https:\/\/cus.bedzino.pl\/?p=420","title":{"rendered":"Pomoc \u017cywno\u015bciowa"},"content":{"rendered":"\n<p>Centrum Us\u0142ug Spo\u0142ecznych w B\u0119dzinie rozpocz\u0119\u0142o wydawanie za\u015bwiadcze\u0144 niezb\u0119dnych do otrzymania pomocy \u017cywno\u015bciowej z PCK.<\/p>\n\n\n\n<p>Oddzia\u0142 Rejonowy Polskiego Czerwonego Krzy\u017ca w Koszalinie informuje, i\u017c w zwi\u0105zku z rozpocz\u0119ciem Programu Fundusze Europejskie na Pomoc \u017bywno\u015bciow\u0105 2021-2027, wsp\u00f3\u0142finansowanego z Europejskiego Funduszu Spo\u0142ecznego Plus &#8211;&nbsp;<strong>Podprogram 2024<\/strong>, rozpocznie dystrybucj\u0119 \u017cywno\u015bci, w\u015br\u00f3d os\u00f3b spe\u0142niaj\u0105cych kryteria dochodowe uprawniaj\u0105ce do uzyskania pomocy tj:<\/p>\n\n\n\n<p><strong>2676,50 z\u0142&nbsp;<\/strong>&#8211; dla osoby samotnie gospodaruj\u0105cej,<\/p>\n\n\n\n<p><strong>2180,95<\/strong>&nbsp;<strong>z\u0142<\/strong>&#8211; dla osoby w rodzinie.<\/p>\n\n\n\n<p><strong>Adres magazynu:<\/strong><\/p>\n\n\n\n<p><strong><u>Magazyn Zachodniopomorskiego Oddzia\u0142u Okr\u0119gowego Polskiego Czerwonego Krzy\u017ca w Szczecinie:<\/u><\/strong><\/p>\n\n\n\n<p><em>ul. Grunwaldzka 20, 75-241 Koszalin,<\/em><\/p>\n\n\n\n<p><em>Telefon: 502-312-277, 94&nbsp;342 50 33<\/em><\/p>\n\n\n\n<p><em>Godziny otwarcia: 8:00-14:00<\/em><\/p>\n\n\n\n<p>Osoby zakwalifikowane do Podprogramu 2024 koniecznie\u00a0<strong>wcze\u015bniej musz\u0105 skontaktowa\u0107 si\u0119 telefonicznie w celu um\u00f3wienia wizyty.<\/strong><\/p>\n","protected":false},"excerpt":{"rendered":"<p>Centrum Us\u0142ug Spo\u0142ecznych w B\u0119dzinie rozpocz\u0119\u0142o wydawanie za\u015bwiadcze\u0144 niezb\u0119dnych do otrzymania pomocy \u017cywno\u015bciowej z PCK. Oddzia\u0142 Rejonowy Polskiego Czerwonego Krzy\u017ca w Koszalinie informuje, i\u017c w zwi\u0105zku z rozpocz\u0119ciem Programu Fundusze Europejskie na Pomoc \u017bywno\u015bciow\u0105 2021-2027, wsp\u00f3\u0142finansowanego z Europejskiego Funduszu Spo\u0142ecznego&#8230; <a href=\"https:\/\/cus.bedzino.pl\/?p=420\" class=\"readmore\">Dowiedz si\u0119 wi\u0119cej<span class=\"screen-reader-text\">Pomoc \u017cywno\u015bciowa<\/span><span class=\"fa fa-angle-double-right\" aria-hidden=\"true\"><\/span><\/a><\/p>\n","protected":false},"author":2,"featured_media":0,"comment_status":"closed","ping_status":"open","sticky":false,"template":"","format":"standard","meta":{"footnotes":""},"categories":[16],"tags":[],"class_list":["post-420","post","type-post","status-publish","format-standard","hentry","category-news","content-layout-excerpt-thumb"],"_links":{"self":[{"href":"https:\/\/cus.bedzino.pl\/index.php?rest_route=\/wp\/v2\/posts\/420","targetHints":{"allow":["GET"]}}],"collection":[{"href":"https:\/\/cus.bedzino.pl\/index.php?rest_route=\/wp\/v2\/posts"}],"about":[{"href":"https:\/\/cus.bedzino.pl\/index.php?rest_route=\/wp\/v2\/types\/post"}],"author":[{"embeddable":true,"href":"https:\/\/cus.bedzino.pl\/index.php?rest_route=\/wp\/v2\/users\/2"}],"replies":[{"embeddable":true,"href":"https:\/\/cus.bedzino.pl\/index.php?rest_route=%2Fwp%2Fv2%2Fcomments&post=420"}],"version-history":[{"count":1,"href":"https:\/\/cus.bedzino.pl\/index.php?rest_route=\/wp\/v2\/posts\/420\/revisions"}],"predecessor-version":[{"id":421,"href":"https:\/\/cus.bedzino.pl\/index.php?rest_route=\/wp\/v2\/posts\/420\/revisions\/421"}],"wp:attachment":[{"href":"https:\/\/cus.bedzino.pl\/index.php?rest_route=%2Fwp%2Fv2%2Fmedia&parent=420"}],"wp:term":[{"taxonomy":"category","embeddable":true,"href":"https:\/\/cus.bedzino.pl\/index.php?rest_route=%2Fwp%2Fv2%2Fcategories&post=420"},{"taxonomy":"post_tag","embeddable":true,"href":"https:\/\/cus.bedzino.pl\/index.php?rest_route=%2Fwp%2Fv2%2Ftags&post=420"}],"curies":[{"name":"wp","href":"https:\/\/api.w.org\/{rel}","templated":true}]}}