{"id":386,"date":"2025-02-12T11:00:00","date_gmt":"2025-02-12T10:00:00","guid":{"rendered":"https:\/\/cus.bedzino.pl\/?p=386"},"modified":"2025-03-03T11:39:31","modified_gmt":"2025-03-03T10:39:31","slug":"warsztaty-plastyczne-dla-dzieci-z-okazji-miedzynarodowego-dnia-kota","status":"publish","type":"post","link":"https:\/\/cus.bedzino.pl\/?p=386","title":{"rendered":"Warsztaty plastyczne dla dzieci  z okazji Mi\u0119dzynarodowego Dnia Kota"},"content":{"rendered":"\n<p>11 lutego 2025 r. Centrum Us\u0142ug Spo\u0142ecznych w B\u0119dzinie zorganizowa\u0142o dla dzieci warsztaty plastyczne \u201eDzie\u0144 Kota \u2013 rze\u017aby z gipsu\u201d, kt\u00f3re odby\u0142y si\u0119 w Domu Ludowym w Tymieniu. Zaj\u0119cia odby\u0142y si\u0119 z okazji Mi\u0119dzynarodowego Dnia Kota i zaowocowa\u0142y nietuzinkowymi rze\u017abami, kt\u00f3re powsta\u0142y ze styropianu i banda\u017cy gipsowych. Podczas warsztat\u00f3w nie zabrak\u0142o pogadanki na temat kot\u00f3w &#8211; jakie maj\u0105 znaczenie w naszym \u017cyciu, jak o nie odpowiedzialnie dba\u0107, i czym jest kocia bezdomno\u015b\u0107. To by\u0142a te\u017c \u015bwietna okazja, aby wymieni\u0107 si\u0119 opowie\u015bciami i ciekawostkami dotycz\u0105cymi tych niezwyk\u0142ych zwierz\u0105t.<\/p>\n\n\n\n<p>Dzi\u0119kujemy wszystkim za udzia\u0142 i do zobaczenia na kolejnych warsztatach!<\/p>\n\n\n\n<p>Zadanie zrealizowano w ramach projektu &#8222;Centrum Us\u0142ug Spo\u0142ecznych &#8211; nowym miejscem rozwoju i integracji us\u0142ug spo\u0142ecznych&#8221; dofinansowanego ze \u015brodk\u00f3w Europejskiego Funduszu Spo\u0142ecznego Plus w ramach FEPZ 2021-2027, Priorytet 6 Fundusze Europejskie na rzecz aktywnego Pomorza Zachodniego.<\/p>\n\n\n\n<figure class=\"wp-block-gallery has-nested-images columns-default is-cropped wp-block-gallery-1 is-layout-flex wp-block-gallery-is-layout-flex\">\n<figure class=\"wp-block-image size-large\"><img loading=\"lazy\" decoding=\"async\" width=\"1024\" height=\"768\" data-id=\"389\" src=\"https:\/\/cus.bedzino.pl\/wp-content\/uploads\/2025\/03\/1-1024x768.jpg\" alt=\"\" class=\"wp-image-389\" srcset=\"https:\/\/cus.bedzino.pl\/wp-content\/uploads\/2025\/03\/1-1024x768.jpg 1024w, https:\/\/cus.bedzino.pl\/wp-content\/uploads\/2025\/03\/1-300x225.jpg 300w, https:\/\/cus.bedzino.pl\/wp-content\/uploads\/2025\/03\/1-768x576.jpg 768w, https:\/\/cus.bedzino.pl\/wp-content\/uploads\/2025\/03\/1-1536x1151.jpg 1536w, https:\/\/cus.bedzino.pl\/wp-content\/uploads\/2025\/03\/1.jpg 2048w\" sizes=\"auto, (max-width: 1024px) 100vw, 1024px\" \/><\/figure>\n\n\n\n<figure class=\"wp-block-image size-large\"><img loading=\"lazy\" decoding=\"async\" width=\"1024\" height=\"768\" data-id=\"391\" src=\"https:\/\/cus.bedzino.pl\/wp-content\/uploads\/2025\/03\/2-1024x768.jpg\" alt=\"\" class=\"wp-image-391\" srcset=\"https:\/\/cus.bedzino.pl\/wp-content\/uploads\/2025\/03\/2-1024x768.jpg 1024w, https:\/\/cus.bedzino.pl\/wp-content\/uploads\/2025\/03\/2-300x225.jpg 300w, https:\/\/cus.bedzino.pl\/wp-content\/uploads\/2025\/03\/2-768x576.jpg 768w, https:\/\/cus.bedzino.pl\/wp-content\/uploads\/2025\/03\/2-1536x1152.jpg 1536w, https:\/\/cus.bedzino.pl\/wp-content\/uploads\/2025\/03\/2.jpg 2048w\" sizes=\"auto, (max-width: 1024px) 100vw, 1024px\" \/><\/figure>\n\n\n\n<figure class=\"wp-block-image size-large\"><img loading=\"lazy\" decoding=\"async\" width=\"768\" height=\"1024\" data-id=\"388\" src=\"https:\/\/cus.bedzino.pl\/wp-content\/uploads\/2025\/03\/3-768x1024.jpg\" alt=\"\" class=\"wp-image-388\" srcset=\"https:\/\/cus.bedzino.pl\/wp-content\/uploads\/2025\/03\/3-768x1024.jpg 768w, https:\/\/cus.bedzino.pl\/wp-content\/uploads\/2025\/03\/3-225x300.jpg 225w, https:\/\/cus.bedzino.pl\/wp-content\/uploads\/2025\/03\/3-1152x1536.jpg 1152w, https:\/\/cus.bedzino.pl\/wp-content\/uploads\/2025\/03\/3.jpg 1536w\" sizes=\"auto, (max-width: 768px) 100vw, 768px\" \/><\/figure>\n\n\n\n<figure class=\"wp-block-image size-large\"><img loading=\"lazy\" decoding=\"async\" width=\"1536\" height=\"2048\" data-id=\"387\" src=\"https:\/\/cus.bedzino.pl\/wp-content\/uploads\/2025\/03\/4-768x1024.jpg\" alt=\"\" class=\"wp-image-387\" srcset=\"https:\/\/cus.bedzino.pl\/wp-content\/uploads\/2025\/03\/4-768x1024.jpg 768w, https:\/\/cus.bedzino.pl\/wp-content\/uploads\/2025\/03\/4-225x300.jpg 225w, https:\/\/cus.bedzino.pl\/wp-content\/uploads\/2025\/03\/4-1152x1536.jpg 1152w, https:\/\/cus.bedzino.pl\/wp-content\/uploads\/2025\/03\/4.jpg 1536w\" sizes=\"auto, (max-width: 1536px) 100vw, 1536px\" \/><\/figure>\n\n\n\n<figure class=\"wp-block-image size-large\"><img loading=\"lazy\" decoding=\"async\" width=\"768\" height=\"1024\" data-id=\"392\" src=\"https:\/\/cus.bedzino.pl\/wp-content\/uploads\/2025\/03\/5-768x1024.jpg\" alt=\"\" class=\"wp-image-392\" srcset=\"https:\/\/cus.bedzino.pl\/wp-content\/uploads\/2025\/03\/5-768x1024.jpg 768w, https:\/\/cus.bedzino.pl\/wp-content\/uploads\/2025\/03\/5-225x300.jpg 225w, https:\/\/cus.bedzino.pl\/wp-content\/uploads\/2025\/03\/5-1152x1536.jpg 1152w, https:\/\/cus.bedzino.pl\/wp-content\/uploads\/2025\/03\/5.jpg 1536w\" sizes=\"auto, (max-width: 768px) 100vw, 768px\" \/><\/figure>\n\n\n\n<figure class=\"wp-block-image size-large\"><img loading=\"lazy\" decoding=\"async\" width=\"1024\" height=\"769\" data-id=\"390\" src=\"https:\/\/cus.bedzino.pl\/wp-content\/uploads\/2025\/03\/6-1024x769.jpg\" alt=\"\" class=\"wp-image-390\" srcset=\"https:\/\/cus.bedzino.pl\/wp-content\/uploads\/2025\/03\/6-1024x769.jpg 1024w, https:\/\/cus.bedzino.pl\/wp-content\/uploads\/2025\/03\/6-300x225.jpg 300w, https:\/\/cus.bedzino.pl\/wp-content\/uploads\/2025\/03\/6-768x576.jpg 768w, https:\/\/cus.bedzino.pl\/wp-content\/uploads\/2025\/03\/6-1536x1153.jpg 1536w, https:\/\/cus.bedzino.pl\/wp-content\/uploads\/2025\/03\/6.jpg 2048w\" sizes=\"auto, (max-width: 1024px) 100vw, 1024px\" \/><\/figure>\n<\/figure>\n","protected":false},"excerpt":{"rendered":"<p>11 lutego 2025 r. Centrum Us\u0142ug Spo\u0142ecznych w B\u0119dzinie zorganizowa\u0142o dla dzieci warsztaty plastyczne \u201eDzie\u0144 Kota \u2013 rze\u017aby z gipsu\u201d, kt\u00f3re odby\u0142y si\u0119 w Domu Ludowym w Tymieniu. Zaj\u0119cia odby\u0142y si\u0119 z okazji Mi\u0119dzynarodowego Dnia Kota i zaowocowa\u0142y nietuzinkowymi rze\u017abami,&#8230; <a href=\"https:\/\/cus.bedzino.pl\/?p=386\" class=\"readmore\">Dowiedz si\u0119 wi\u0119cej<span class=\"screen-reader-text\">Warsztaty plastyczne dla dzieci  z okazji Mi\u0119dzynarodowego Dnia Kota<\/span><span class=\"fa fa-angle-double-right\" aria-hidden=\"true\"><\/span><\/a><\/p>\n","protected":false},"author":3,"featured_media":0,"comment_status":"closed","ping_status":"open","sticky":false,"template":"","format":"standard","meta":{"footnotes":""},"categories":[16,17],"tags":[],"class_list":["post-386","post","type-post","status-publish","format-standard","hentry","category-news","category-cus","content-layout-excerpt-thumb"],"_links":{"self":[{"href":"https:\/\/cus.bedzino.pl\/index.php?rest_route=\/wp\/v2\/posts\/386","targetHints":{"allow":["GET"]}}],"collection":[{"href":"https:\/\/cus.bedzino.pl\/index.php?rest_route=\/wp\/v2\/posts"}],"about":[{"href":"https:\/\/cus.bedzino.pl\/index.php?rest_route=\/wp\/v2\/types\/post"}],"author":[{"embeddable":true,"href":"https:\/\/cus.bedzino.pl\/index.php?rest_route=\/wp\/v2\/users\/3"}],"replies":[{"embeddable":true,"href":"https:\/\/cus.bedzino.pl\/index.php?rest_route=%2Fwp%2Fv2%2Fcomments&post=386"}],"version-history":[{"count":1,"href":"https:\/\/cus.bedzino.pl\/index.php?rest_route=\/wp\/v2\/posts\/386\/revisions"}],"predecessor-version":[{"id":394,"href":"https:\/\/cus.bedzino.pl\/index.php?rest_route=\/wp\/v2\/posts\/386\/revisions\/394"}],"wp:attachment":[{"href":"https:\/\/cus.bedzino.pl\/index.php?rest_route=%2Fwp%2Fv2%2Fmedia&parent=386"}],"wp:term":[{"taxonomy":"category","embeddable":true,"href":"https:\/\/cus.bedzino.pl\/index.php?rest_route=%2Fwp%2Fv2%2Fcategories&post=386"},{"taxonomy":"post_tag","embeddable":true,"href":"https:\/\/cus.bedzino.pl\/index.php?rest_route=%2Fwp%2Fv2%2Ftags&post=386"}],"curies":[{"name":"wp","href":"https:\/\/api.w.org\/{rel}","templated":true}]}}