{"id":373,"date":"2025-03-03T11:19:39","date_gmt":"2025-03-03T10:19:39","guid":{"rendered":"https:\/\/cus.bedzino.pl\/?p=373"},"modified":"2026-02-24T13:36:33","modified_gmt":"2026-02-24T12:36:33","slug":"miedzygminna-integracja","status":"publish","type":"post","link":"https:\/\/cus.bedzino.pl\/?p=373","title":{"rendered":"Mi\u0119dzygminna Integracja"},"content":{"rendered":"\n<p>28 lutego 2025 seniorzy z Gminy B\u0119dzino uczestniczyli w Balu Seniora \u201eZ\u0142oty Karnawa\u0142\u201d. Bal zorganizowany przez Centrum Us\u0142ug Spo\u0142ecznych w Mielnie oraz Centrum Us\u0142ug Spo\u0142ecznych w B\u0119dzinie odby\u0142 si\u0119 w O\u015brodku Rewita w Mielnie. Kr\u00f3lowa\u0142y stylizacje rodem z lat dwudziestych i trzydziestych, a na parkiecie bawi\u0142o si\u0119 150 go\u015bci z obu gmin. Seniorzy z Klubu Senior + w M\u015bcicach przygotowali stoisko z przepysznym chlebem, domowym smalcem i og\u00f3rkami w kilku smakach. Nie zabrak\u0142o tak\u017ce konkurs\u00f3w z nagrodami \u2013 na najlepsz\u0105 stylizacj\u0119 oraz na Kr\u00f3la i Kr\u00f3low\u0105 Balu.<br><br>Zadanie zrealizowano w ramach projektu &#8222;Centrum Us\u0142ug Spo\u0142ecznych &#8211; nowym miejscem rozwoju i integracji us\u0142ug spo\u0142ecznych&#8221; dofinansowanego ze \u015brodk\u00f3w Europejskiego Funduszu Spo\u0142ecznego Plus w ramach FEPZ 2021-2027, Priorytet 6 Fundusze Europejskie na rzecz aktywnego Pomorza Zachodniego.<\/p>\n\n\n\n<p><\/p>\n","protected":false},"excerpt":{"rendered":"<p>28 lutego 2025 seniorzy z Gminy B\u0119dzino uczestniczyli w Balu Seniora \u201eZ\u0142oty Karnawa\u0142\u201d. Bal zorganizowany przez Centrum Us\u0142ug Spo\u0142ecznych w Mielnie oraz Centrum Us\u0142ug Spo\u0142ecznych w B\u0119dzinie odby\u0142 si\u0119 w O\u015brodku Rewita w Mielnie. Kr\u00f3lowa\u0142y stylizacje rodem z lat dwudziestych&#8230; <a href=\"https:\/\/cus.bedzino.pl\/?p=373\" class=\"readmore\">Dowiedz si\u0119 wi\u0119cej<span class=\"screen-reader-text\">Mi\u0119dzygminna Integracja<\/span><span class=\"fa fa-angle-double-right\" aria-hidden=\"true\"><\/span><\/a><\/p>\n","protected":false},"author":2,"featured_media":0,"comment_status":"closed","ping_status":"open","sticky":false,"template":"","format":"standard","meta":{"footnotes":""},"categories":[16,17,32],"tags":[],"class_list":["post-373","post","type-post","status-publish","format-standard","hentry","category-news","category-cus","category-seniorzy","content-layout-excerpt-thumb"],"_links":{"self":[{"href":"https:\/\/cus.bedzino.pl\/index.php?rest_route=\/wp\/v2\/posts\/373","targetHints":{"allow":["GET"]}}],"collection":[{"href":"https:\/\/cus.bedzino.pl\/index.php?rest_route=\/wp\/v2\/posts"}],"about":[{"href":"https:\/\/cus.bedzino.pl\/index.php?rest_route=\/wp\/v2\/types\/post"}],"author":[{"embeddable":true,"href":"https:\/\/cus.bedzino.pl\/index.php?rest_route=\/wp\/v2\/users\/2"}],"replies":[{"embeddable":true,"href":"https:\/\/cus.bedzino.pl\/index.php?rest_route=%2Fwp%2Fv2%2Fcomments&post=373"}],"version-history":[{"count":1,"href":"https:\/\/cus.bedzino.pl\/index.php?rest_route=\/wp\/v2\/posts\/373\/revisions"}],"predecessor-version":[{"id":374,"href":"https:\/\/cus.bedzino.pl\/index.php?rest_route=\/wp\/v2\/posts\/373\/revisions\/374"}],"wp:attachment":[{"href":"https:\/\/cus.bedzino.pl\/index.php?rest_route=%2Fwp%2Fv2%2Fmedia&parent=373"}],"wp:term":[{"taxonomy":"category","embeddable":true,"href":"https:\/\/cus.bedzino.pl\/index.php?rest_route=%2Fwp%2Fv2%2Fcategories&post=373"},{"taxonomy":"post_tag","embeddable":true,"href":"https:\/\/cus.bedzino.pl\/index.php?rest_route=%2Fwp%2Fv2%2Ftags&post=373"}],"curies":[{"name":"wp","href":"https:\/\/api.w.org\/{rel}","templated":true}]}}