{"id":361,"date":"2025-03-01T12:15:10","date_gmt":"2025-03-01T11:15:10","guid":{"rendered":"https:\/\/cus.bedzino.pl\/?p=361"},"modified":"2025-03-03T11:11:02","modified_gmt":"2025-03-03T10:11:02","slug":"ergonomia-pracy-w-cus","status":"publish","type":"post","link":"https:\/\/cus.bedzino.pl\/?p=361","title":{"rendered":"Ergonomia pracy w CUS"},"content":{"rendered":"\n<figure class=\"wp-block-image size-full\"><img loading=\"lazy\" decoding=\"async\" width=\"1000\" height=\"111\" src=\"http:\/\/cus.bedzino.pl\/wp-content\/uploads\/2025\/01\/ciag_pozioma_kolor.png\" alt=\"\" class=\"wp-image-170\" srcset=\"https:\/\/cus.bedzino.pl\/wp-content\/uploads\/2025\/01\/ciag_pozioma_kolor.png 1000w, https:\/\/cus.bedzino.pl\/wp-content\/uploads\/2025\/01\/ciag_pozioma_kolor-300x33.png 300w, https:\/\/cus.bedzino.pl\/wp-content\/uploads\/2025\/01\/ciag_pozioma_kolor-768x85.png 768w\" sizes=\"auto, (max-width: 1000px) 100vw, 1000px\" \/><\/figure>\n\n\n\n<p>Wojew\u00f3dzki Urz\u0105d Pracy w Szczecinie opublikowa\u0142 list\u0119 projekt\u00f3w, kt\u00f3re uzyska\u0142y dofinansowanie w ramach konkursu nr&nbsp;FEPZ.06.07-IP.01-001\/24.<\/p>\n\n\n\n<p>Centrum Us\u0142ug Spo\u0142ecznych w B\u0119dzinie uzyska\u0142o dofinansowanie w wysoko\u015bci 142 385,13z\u0142 na realizacj\u0119 projektu \u201e<strong>Poprawa warunk\u00f3w pracy w jednostce pomocy spo\u0142ecznej w B\u0119dzinie<\/strong>\u201d nr FEPZ.06.07-IP.01-0028\/24.<\/p>\n\n\n\n<p>Celem g\u0142\u00f3wnym projektu jest wdro\u017cenie programu wsparcia pracownik\u00f3w Centrum Us\u0142ug Spo\u0142ecznych w B\u0119dzinie w zakresie eliminowania zdrowotnych czynnik\u00f3w ryzyka w miejscu pracy oraz wsparcia psychologicznego dla pracownik\u00f3w.<\/p>\n\n\n\n<p>Projekt swoim zakresem obejmuje dzia\u0142ania:<\/p>\n\n\n\n<p>1) z zakresu profilaktyki chor\u00f3b zwi\u0105zanych z miejscem pracy (dostosowanie stanowisk pracy do indywidualnych potrzeb 12 uczestnik\u00f3w)<\/p>\n\n\n\n<p>2) zwi\u0105zanych z poszerzaniem wiedzy nt. zdrowotnych czynnik\u00f3w ryzyka w miejscu pracy oraz dzia\u0142ania prewencyjne lub naprawcze w zakresie czynnik\u00f3w szkodliwych lub uci\u0105\u017cliwych wyst\u0119puj\u0105cych w miejscu pracy (konsultacje fizjoterapeutyczne warsztaty z psychologiem),<\/p>\n\n\n\n<p>3) z zakresu profilaktyki zdrowia psychicznego w postaci np. warsztat\u00f3w w zakresie radzenia sobie ze stresem i przeciwdzia\u0142aniu wypaleniu zawodowemu,<\/p>\n\n\n\n<p>4) w zakresie profilaktycznych bada\u0144 przesiewowych (dla 15 os\u00f3b).<\/p>\n\n\n\n<p>Projekty wsp\u00f3\u0142finansowany jest z Europejskiego Funduszu Spo\u0142ecznego Plus w ramach FEPZ 2021-2027, Priorytet 6 Fundusze Europejskie na rzecz aktywnego Pomorza Zachodniego, Dzia\u0142anie 6.7 Aktywne starzenie si\u0119 w dobrym zdrowiu, typ 1-3<\/p>\n","protected":false},"excerpt":{"rendered":"<p>Wojew\u00f3dzki Urz\u0105d Pracy w Szczecinie opublikowa\u0142 list\u0119 projekt\u00f3w, kt\u00f3re uzyska\u0142y dofinansowanie w ramach konkursu nr&nbsp;FEPZ.06.07-IP.01-001\/24. Centrum Us\u0142ug Spo\u0142ecznych w B\u0119dzinie uzyska\u0142o dofinansowanie w wysoko\u015bci 142 385,13z\u0142 na realizacj\u0119 projektu \u201ePoprawa warunk\u00f3w pracy w jednostce pomocy spo\u0142ecznej w B\u0119dzinie\u201d nr FEPZ.06.07-IP.01-0028\/24&#8230;. <a href=\"https:\/\/cus.bedzino.pl\/?p=361\" class=\"readmore\">Dowiedz si\u0119 wi\u0119cej<span class=\"screen-reader-text\">Ergonomia pracy w CUS<\/span><span class=\"fa fa-angle-double-right\" aria-hidden=\"true\"><\/span><\/a><\/p>\n","protected":false},"author":2,"featured_media":0,"comment_status":"closed","ping_status":"open","sticky":false,"template":"","format":"standard","meta":{"footnotes":""},"categories":[16],"tags":[],"class_list":["post-361","post","type-post","status-publish","format-standard","hentry","category-news","content-layout-excerpt-thumb"],"_links":{"self":[{"href":"https:\/\/cus.bedzino.pl\/index.php?rest_route=\/wp\/v2\/posts\/361","targetHints":{"allow":["GET"]}}],"collection":[{"href":"https:\/\/cus.bedzino.pl\/index.php?rest_route=\/wp\/v2\/posts"}],"about":[{"href":"https:\/\/cus.bedzino.pl\/index.php?rest_route=\/wp\/v2\/types\/post"}],"author":[{"embeddable":true,"href":"https:\/\/cus.bedzino.pl\/index.php?rest_route=\/wp\/v2\/users\/2"}],"replies":[{"embeddable":true,"href":"https:\/\/cus.bedzino.pl\/index.php?rest_route=%2Fwp%2Fv2%2Fcomments&post=361"}],"version-history":[{"count":1,"href":"https:\/\/cus.bedzino.pl\/index.php?rest_route=\/wp\/v2\/posts\/361\/revisions"}],"predecessor-version":[{"id":362,"href":"https:\/\/cus.bedzino.pl\/index.php?rest_route=\/wp\/v2\/posts\/361\/revisions\/362"}],"wp:attachment":[{"href":"https:\/\/cus.bedzino.pl\/index.php?rest_route=%2Fwp%2Fv2%2Fmedia&parent=361"}],"wp:term":[{"taxonomy":"category","embeddable":true,"href":"https:\/\/cus.bedzino.pl\/index.php?rest_route=%2Fwp%2Fv2%2Fcategories&post=361"},{"taxonomy":"post_tag","embeddable":true,"href":"https:\/\/cus.bedzino.pl\/index.php?rest_route=%2Fwp%2Fv2%2Ftags&post=361"}],"curies":[{"name":"wp","href":"https:\/\/api.w.org\/{rel}","templated":true}]}}