{"id":318,"date":"2025-02-03T09:09:31","date_gmt":"2025-02-03T08:09:31","guid":{"rendered":"https:\/\/cus.bedzino.pl\/?p=318"},"modified":"2026-02-24T13:35:19","modified_gmt":"2026-02-24T12:35:19","slug":"nabor-zgloszen-do-programu-korpus-wsparcia-seniorow-na-rok-2025","status":"publish","type":"post","link":"https:\/\/cus.bedzino.pl\/?p=318","title":{"rendered":"Nab\u00f3r zg\u0142osze\u0144 do programu \u201eKorpus Wsparcia Senior\u00f3w\u201d na rok 2025"},"content":{"rendered":"\n<figure class=\"wp-block-image size-large\"><img loading=\"lazy\" decoding=\"async\" width=\"1024\" height=\"341\" src=\"https:\/\/cus.bedzino.pl\/wp-content\/uploads\/2025\/02\/znaki_strona_www-1024x341.png\" alt=\"\" class=\"wp-image-321\" srcset=\"https:\/\/cus.bedzino.pl\/wp-content\/uploads\/2025\/02\/znaki_strona_www-1024x341.png 1024w, https:\/\/cus.bedzino.pl\/wp-content\/uploads\/2025\/02\/znaki_strona_www-300x100.png 300w, https:\/\/cus.bedzino.pl\/wp-content\/uploads\/2025\/02\/znaki_strona_www-768x256.png 768w, https:\/\/cus.bedzino.pl\/wp-content\/uploads\/2025\/02\/znaki_strona_www-1536x511.png 1536w, https:\/\/cus.bedzino.pl\/wp-content\/uploads\/2025\/02\/znaki_strona_www.png 1751w\" sizes=\"auto, (max-width: 1024px) 100vw, 1024px\" \/><\/figure>\n\n\n\n<p>Informujemy, \u017ce Minister Rodziny, Pracy i Polityki Spo\u0142ecznej przyj\u0105\u0142 do realizacji program \u201eKorpus Wsparcia Senior\u00f3w\u201d na rok 2025.<\/p>\n\n\n\n<p><strong>Mieszka\u0144cy Gminy B\u0119dzino zainteresowani skorzystaniem ze wsparcia w 2025 roku mog\u0105 sk\u0142ada\u0107 deklaracje w terminie do 05.02.2025 r.&nbsp;w siedzibie Centrum Us\u0142ug Spo\u0142ecznych w&nbsp;B\u0119dzinie. Na podstawie z\u0142o\u017conych deklaracji zostanie zg\u0142oszone zapotrzebowanie o \u015brodki.<\/strong><\/p>\n\n\n\n<p>Adresatami po\u015brednimi programu b\u0119d\u0105 osoby w wieku 60 lat i wi\u0119cej, maj\u0105cy problemy z samodzielnym funkcjonowaniem ze wzgl\u0119du na stan zdrowia, prowadz\u0105cy samodzielne gospodarstwa domowe lub mieszkaj\u0105cy z osobami bliskimi, kt\u00f3re nie s\u0105 w stanie zapewni\u0107 im wystarczaj\u0105cego wsparcia.<\/p>\n\n\n\n<p>Program zak\u0142ada realizacj\u0119 dw\u00f3ch Modu\u0142\u00f3w:<\/p>\n\n\n\n<p><strong>Modu\u0142 I<\/strong>, kt\u00f3rego celem jest wsparcie finansowe gmin w zakresie organizowania us\u0142ug opieku\u0144czych \u015bwiadczonych w formie us\u0142ug s\u0105siedzkich dla os\u00f3b &nbsp;w wieku 60 lat i wi\u0119cej.<\/p>\n\n\n\n<p>Us\u0142ugi s\u0105siedzkie \u015bwiadczone w ramach Modu\u0142u I obejm\u0105 swoim zakresem pomoc w zaspokajaniu podstawowych potrzeb \u017cyciowych, podstawow\u0105 opiek\u0119 higieniczno-piel\u0119gnacyjn\u0105, przez kt\u00f3r\u0105 nale\u017cy rozumie\u0107 formy wsparcia niewymagaj\u0105ce specjalistycznej wiedzy i kompetencji, oraz, w miar\u0119 potrzeb i mo\u017cliwo\u015bci, zapewnienie kontakt\u00f3w z otoczeniem.<\/p>\n\n\n\n<p><strong>Modu\u0142 II, <\/strong>kt\u00f3rego celem jest Wsparcie finansowe gmin w realizacji us\u0142ug opieku\u0144czych poprzez dost\u0119p do tzw. \u201eopieki na odleg\u0142o\u015b\u0107\u201d maj\u0105cej na celu popraw\u0119 bezpiecze\u0144stwa oraz mo\u017cliwo\u015bci samodzielnego funkcjonowania w miejscu zamieszkania os\u00f3b starszych.<\/p>\n\n\n\n<p>Wsparcie realizowane w ramach programu jest bezp\u0142atne.<\/p>\n\n\n\n<p>W za\u0142\u0105czeniu:<\/p>\n\n\n\n<div class=\"wp-block-file\"><a id=\"wp-block-file--media-2f7833db-c244-4f74-a082-eb84516c8820\" href=\"https:\/\/cus.bedzino.pl\/wp-content\/uploads\/2025\/02\/deklaracja.docx\">deklaracja uczestnictwa<\/a><a href=\"https:\/\/cus.bedzino.pl\/wp-content\/uploads\/2025\/02\/deklaracja.docx\" class=\"wp-block-file__button wp-element-button\" download aria-describedby=\"wp-block-file--media-2f7833db-c244-4f74-a082-eb84516c8820\">Pobierz<\/a><\/div>\n\n\n\n<div class=\"wp-block-file\"><a id=\"wp-block-file--media-a8ca67ba-686a-4cb6-9987-f42807ca2fd8\" href=\"https:\/\/cus.bedzino.pl\/wp-content\/uploads\/2025\/02\/Program_KWS_2025-2.pdf\">Program \u201eKorpus Wsparcia Senior\u00f3w\u201d na rok 2025<\/a><a href=\"https:\/\/cus.bedzino.pl\/wp-content\/uploads\/2025\/02\/Program_KWS_2025-2.pdf\" class=\"wp-block-file__button wp-element-button\" download aria-describedby=\"wp-block-file--media-a8ca67ba-686a-4cb6-9987-f42807ca2fd8\">Pobierz<\/a><\/div>\n\n\n\n<p><\/p>\n\n\n\n<p><\/p>\n","protected":false},"excerpt":{"rendered":"<p>Informujemy, \u017ce Minister Rodziny, Pracy i Polityki Spo\u0142ecznej przyj\u0105\u0142 do realizacji program \u201eKorpus Wsparcia Senior\u00f3w\u201d na rok 2025. Mieszka\u0144cy Gminy B\u0119dzino zainteresowani skorzystaniem ze wsparcia w 2025 roku mog\u0105 sk\u0142ada\u0107 deklaracje w terminie do 05.02.2025 r.&nbsp;w siedzibie Centrum Us\u0142ug Spo\u0142ecznych&#8230; <a href=\"https:\/\/cus.bedzino.pl\/?p=318\" class=\"readmore\">Dowiedz si\u0119 wi\u0119cej<span class=\"screen-reader-text\">Nab\u00f3r zg\u0142osze\u0144 do programu \u201eKorpus Wsparcia Senior\u00f3w\u201d na rok 2025<\/span><span class=\"fa fa-angle-double-right\" aria-hidden=\"true\"><\/span><\/a><\/p>\n","protected":false},"author":2,"featured_media":0,"comment_status":"closed","ping_status":"open","sticky":false,"template":"","format":"standard","meta":{"footnotes":""},"categories":[16,32],"tags":[],"class_list":["post-318","post","type-post","status-publish","format-standard","hentry","category-news","category-seniorzy","content-layout-excerpt-thumb"],"_links":{"self":[{"href":"https:\/\/cus.bedzino.pl\/index.php?rest_route=\/wp\/v2\/posts\/318","targetHints":{"allow":["GET"]}}],"collection":[{"href":"https:\/\/cus.bedzino.pl\/index.php?rest_route=\/wp\/v2\/posts"}],"about":[{"href":"https:\/\/cus.bedzino.pl\/index.php?rest_route=\/wp\/v2\/types\/post"}],"author":[{"embeddable":true,"href":"https:\/\/cus.bedzino.pl\/index.php?rest_route=\/wp\/v2\/users\/2"}],"replies":[{"embeddable":true,"href":"https:\/\/cus.bedzino.pl\/index.php?rest_route=%2Fwp%2Fv2%2Fcomments&post=318"}],"version-history":[{"count":1,"href":"https:\/\/cus.bedzino.pl\/index.php?rest_route=\/wp\/v2\/posts\/318\/revisions"}],"predecessor-version":[{"id":322,"href":"https:\/\/cus.bedzino.pl\/index.php?rest_route=\/wp\/v2\/posts\/318\/revisions\/322"}],"wp:attachment":[{"href":"https:\/\/cus.bedzino.pl\/index.php?rest_route=%2Fwp%2Fv2%2Fmedia&parent=318"}],"wp:term":[{"taxonomy":"category","embeddable":true,"href":"https:\/\/cus.bedzino.pl\/index.php?rest_route=%2Fwp%2Fv2%2Fcategories&post=318"},{"taxonomy":"post_tag","embeddable":true,"href":"https:\/\/cus.bedzino.pl\/index.php?rest_route=%2Fwp%2Fv2%2Ftags&post=318"}],"curies":[{"name":"wp","href":"https:\/\/api.w.org\/{rel}","templated":true}]}}