{"id":17,"date":"2024-11-30T14:31:41","date_gmt":"2024-11-30T13:31:41","guid":{"rendered":"https:\/\/cus.bedzino.pl\/?p=17"},"modified":"2025-12-11T12:16:31","modified_gmt":"2025-12-11T11:16:31","slug":"asystent-osobisty-osoby-z-niepelnosprawnoscia-na-rok-2025","status":"publish","type":"post","link":"https:\/\/cus.bedzino.pl\/?p=17","title":{"rendered":"Asystent Osobisty Osoby z Niepe\u0142nosprawno\u015bci\u0105 na rok 2025"},"content":{"rendered":"<div class=\"wp-block-image\">\n<figure class=\"aligncenter size-medium\"><img loading=\"lazy\" decoding=\"async\" width=\"300\" height=\"100\" src=\"https:\/\/cus.bedzino.pl\/wp-content\/uploads\/2025\/02\/znaki_strona_www-300x100.png\" alt=\"\" class=\"wp-image-321\" srcset=\"https:\/\/cus.bedzino.pl\/wp-content\/uploads\/2025\/02\/znaki_strona_www-300x100.png 300w, https:\/\/cus.bedzino.pl\/wp-content\/uploads\/2025\/02\/znaki_strona_www-1024x341.png 1024w, https:\/\/cus.bedzino.pl\/wp-content\/uploads\/2025\/02\/znaki_strona_www-768x256.png 768w, https:\/\/cus.bedzino.pl\/wp-content\/uploads\/2025\/02\/znaki_strona_www-1536x511.png 1536w, https:\/\/cus.bedzino.pl\/wp-content\/uploads\/2025\/02\/znaki_strona_www.png 1751w\" sizes=\"auto, (max-width: 300px) 100vw, 300px\" \/><\/figure>\n<\/div>\n\n\n<p>Gmina B\u0119dzino realizuje program&nbsp;<strong>&#8222;Asystent osobisty osoby z niepe\u0142nosprawno\u015bci\u0105\u201d&nbsp;<\/strong>dla Jednostek Samorz\u0105du Terytorialnego &#8211; edycja 2025.<\/p>\n\n\n\n<p>Zgodnie z warunkami Programu, jego g\u0142\u00f3wnym celem jest wprowadzenie us\u0142ug asystencji osobistej jako formy og\u00f3lnodost\u0119pnego wsparcia w wykonywaniu codziennych czynno\u015bci oraz funkcjonowaniu w \u017cyciu spo\u0142ecznym, kt\u00f3rych adresatami s\u0105 nast\u0119puj\u0105ce osoby zwane dalej \u201euczestnikami\u201d:<\/p>\n\n\n\n<ol class=\"wp-block-list\">\n<li>dzieci od uko\u0144czenia 2. roku \u017cycia do uko\u0144czenia 16. roku \u017cycia posiadaj\u0105ce orzeczenie o niepe\u0142nosprawno\u015bci \u0142\u0105cznie ze wskazaniami w pkt 7 i 8 orzeczenia o niepe\u0142nosprawno\u015bci &#8211; konieczno\u015bci sta\u0142ej lub d\u0142ugotrwa\u0142ej opieki lub pomocy innej osoby w zwi\u0105zku ze znacznie ograniczon\u0105 mo\u017cliwo\u015bci\u0105 samodzielnej egzystencji oraz konieczno\u015bci sta\u0142ego wsp\u00f3\u0142udzia\u0142u na co dzie\u0144 opiekuna dziecka w procesie jego leczenia, rehabilitacji i edukacji oraz<\/li>\n\n\n\n<li>osoby z niepe\u0142nosprawno\u015bciami posiadaj\u0105ce orzeczenie:<\/li>\n<\/ol>\n\n\n\n<p>a) o znacznym stopniu niepe\u0142nosprawno\u015bci albo<\/p>\n\n\n\n<p>b) o umiarkowanym stopniu niepe\u0142nosprawno\u015bci, albo<\/p>\n\n\n\n<p>c) traktowane na r\u00f3wni z orzeczeniami wymienionymi w lit. a i b,<\/p>\n\n\n\n<p>zgodnie z art. 5 i art. 62 ustawy z dnia 27 sierpnia 1997 r. o rehabilitacji zawodowej i spo\u0142ecznej oraz zatrudnianiu os\u00f3b niepe\u0142nosprawnych (Dz. U. z 2024 r. poz. 44 i 858).&nbsp;<\/p>\n\n\n\n<p>Us\u0142ugi asystencji osobistej polegaj\u0105 na wspieraniu przez asystenta osoby z niepe\u0142nosprawno\u015bci\u0105 w r\u00f3\u017cnych sferach \u017cycia, w tym:<\/p>\n\n\n\n<ol class=\"wp-block-list\">\n<li>wsparciu uczestnika w czynno\u015bciach samoobs\u0142ugowych, w tym utrzymaniu higieny osobistej;<\/li>\n\n\n\n<li>wsparcie uczestnika w prowadzeniu gospodarstwa domowego i wype\u0142nianiu r\u00f3l w rodzinie;<\/li>\n\n\n\n<li>wsparciu uczestnika w przemieszczaniu si\u0119 poza miejscem zamieszkania;<\/li>\n\n\n\n<li>wsparciu uczestnika w podejmowaniu aktywno\u015bci \u017cyciowej i komunikowaniu si\u0119 z otoczeniem.&nbsp;&nbsp;<\/li>\n<\/ol>\n\n\n\n<p>Us\u0142ugi asystencji osobistej<strong>&nbsp;nie mog\u0105&nbsp;<\/strong>by\u0107 \u015bwiadczone przez osoby b\u0119d\u0105ce cz\u0142onkami rodziny uczestnika, opiekunami prawnymi uczestnika lub osobami faktycznie zamieszkuj\u0105cymi razem z uczestnikiem.<\/p>\n\n\n\n<p><strong>Informujemy,&nbsp; \u017ce osoby spe\u0142niaj\u0105ce kryteria dost\u0119pu mog\u0105 sk\u0142ada\u0107 Karty zg\u0142oszeniowe osobi\u015bcie, b\u0105d\u017a za po\u015brednictwem os\u00f3b trzecich wraz z aktualnym orzeczeniem o stopniu niepe\u0142nosprawno\u015bci.<\/strong>&nbsp;Kart\u0119 nale\u017cy wype\u0142ni\u0107, podpisa\u0107&nbsp;i z\u0142o\u017cy\u0107 w formie papierowej w siedzibie Gminnego O\u015brodka Pomocy Spo\u0142ecznej w B\u0119dzinie&nbsp;lub za po\u015brednictwem platformy ePUAP.<\/p>\n\n\n\n<div class=\"wp-block-file\"><a id=\"wp-block-file--media-69a3bbb8-f895-4edc-a1d4-cd53c45e0bdd\" href=\"https:\/\/cus.bedzino.pl\/wp-content\/uploads\/2024\/11\/program-aoon-jst-2025-29072024-1722262514-1731326635.pdf\">program-aoon-jst-2025-29072024-1722262514-1731326635<\/a><a href=\"https:\/\/cus.bedzino.pl\/wp-content\/uploads\/2024\/11\/program-aoon-jst-2025-29072024-1722262514-1731326635.pdf\" class=\"wp-block-file__button wp-element-button\" download aria-describedby=\"wp-block-file--media-69a3bbb8-f895-4edc-a1d4-cd53c45e0bdd\">Pobierz<\/a><\/div>\n","protected":false},"excerpt":{"rendered":"<p>Gmina B\u0119dzino realizuje program&nbsp;&#8222;Asystent osobisty osoby z niepe\u0142nosprawno\u015bci\u0105\u201d&nbsp;dla Jednostek Samorz\u0105du Terytorialnego &#8211; edycja 2025. Zgodnie z warunkami Programu, jego g\u0142\u00f3wnym celem jest wprowadzenie us\u0142ug asystencji osobistej jako formy og\u00f3lnodost\u0119pnego wsparcia w wykonywaniu codziennych czynno\u015bci oraz funkcjonowaniu w \u017cyciu spo\u0142ecznym, kt\u00f3rych&#8230; <a href=\"https:\/\/cus.bedzino.pl\/?p=17\" class=\"readmore\">Dowiedz si\u0119 wi\u0119cej<span class=\"screen-reader-text\">Asystent Osobisty Osoby z Niepe\u0142nosprawno\u015bci\u0105 na rok 2025<\/span><span class=\"fa fa-angle-double-right\" aria-hidden=\"true\"><\/span><\/a><\/p>\n","protected":false},"author":2,"featured_media":0,"comment_status":"closed","ping_status":"open","sticky":false,"template":"","format":"standard","meta":{"footnotes":""},"categories":[16,7,6],"tags":[8,9,14],"class_list":["post-17","post","type-post","status-publish","format-standard","hentry","category-news","category-aoon","category-aoon-2025","tag-asystent","tag-niepelnosprawnosc","tag-projekty","content-layout-excerpt-thumb"],"_links":{"self":[{"href":"https:\/\/cus.bedzino.pl\/index.php?rest_route=\/wp\/v2\/posts\/17","targetHints":{"allow":["GET"]}}],"collection":[{"href":"https:\/\/cus.bedzino.pl\/index.php?rest_route=\/wp\/v2\/posts"}],"about":[{"href":"https:\/\/cus.bedzino.pl\/index.php?rest_route=\/wp\/v2\/types\/post"}],"author":[{"embeddable":true,"href":"https:\/\/cus.bedzino.pl\/index.php?rest_route=\/wp\/v2\/users\/2"}],"replies":[{"embeddable":true,"href":"https:\/\/cus.bedzino.pl\/index.php?rest_route=%2Fwp%2Fv2%2Fcomments&post=17"}],"version-history":[{"count":3,"href":"https:\/\/cus.bedzino.pl\/index.php?rest_route=\/wp\/v2\/posts\/17\/revisions"}],"predecessor-version":[{"id":1097,"href":"https:\/\/cus.bedzino.pl\/index.php?rest_route=\/wp\/v2\/posts\/17\/revisions\/1097"}],"wp:attachment":[{"href":"https:\/\/cus.bedzino.pl\/index.php?rest_route=%2Fwp%2Fv2%2Fmedia&parent=17"}],"wp:term":[{"taxonomy":"category","embeddable":true,"href":"https:\/\/cus.bedzino.pl\/index.php?rest_route=%2Fwp%2Fv2%2Fcategories&post=17"},{"taxonomy":"post_tag","embeddable":true,"href":"https:\/\/cus.bedzino.pl\/index.php?rest_route=%2Fwp%2Fv2%2Ftags&post=17"}],"curies":[{"name":"wp","href":"https:\/\/api.w.org\/{rel}","templated":true}]}}