{"id":1517,"date":"2026-03-11T11:58:30","date_gmt":"2026-03-11T10:58:30","guid":{"rendered":"https:\/\/cus.bedzino.pl\/?p=1517"},"modified":"2026-03-11T11:58:40","modified_gmt":"2026-03-11T10:58:40","slug":"dzien-soltysa","status":"publish","type":"post","link":"https:\/\/cus.bedzino.pl\/?p=1517","title":{"rendered":"Dzie\u0144 So\u0142tysa"},"content":{"rendered":"\n<p>Z okazji Dnia So\u0142tysa<br>sk\u0142adamy serdeczne podzi\u0119kowania wszystkim So\u0142tysom z Gminy B\u0119dzino za zaanga\u017cowanie, inicjatyw\u0119 oraz codzienn\u0105 prac\u0119 na rzecz lokalnej spo\u0142eczno\u015bci. Dzi\u0119ki Pa\u0144stwa oddaniu i trosce nasze miejscowo\u015bci rozwijaj\u0105 si\u0119, integruj\u0105 mieszka\u0144c\u00f3w i staj\u0105 si\u0119 coraz lepszym miejscem do \u017cycia.<br>\u017byczymy Pa\u0144stwu du\u017co zdrowia, satysfakcji z pe\u0142nionej funkcji, si\u0142y do realizacji kolejnych inicjatyw oraz wielu sukces\u00f3w w dalszej pracy na rzecz mieszka\u0144c\u00f3w.<\/p>\n\n\n\n<p>Z wyrazami uznania i wdzi\u0119czno\u015bci<\/p>\n\n\n\n<p>Centrum Us\u0142ug Spo\u0142ecznych w B\u0119dzinie<\/p>\n","protected":false},"excerpt":{"rendered":"<p>Z okazji Dnia So\u0142tysask\u0142adamy serdeczne podzi\u0119kowania wszystkim So\u0142tysom z Gminy B\u0119dzino za zaanga\u017cowanie, inicjatyw\u0119 oraz codzienn\u0105 prac\u0119 na rzecz lokalnej spo\u0142eczno\u015bci. Dzi\u0119ki Pa\u0144stwa oddaniu i trosce nasze miejscowo\u015bci rozwijaj\u0105 si\u0119, integruj\u0105 mieszka\u0144c\u00f3w i staj\u0105 si\u0119 coraz lepszym miejscem do \u017cycia.\u017byczymy&#8230; <a href=\"https:\/\/cus.bedzino.pl\/?p=1517\" class=\"readmore\">Dowiedz si\u0119 wi\u0119cej<span class=\"screen-reader-text\">Dzie\u0144 So\u0142tysa<\/span><span class=\"fa fa-angle-double-right\" aria-hidden=\"true\"><\/span><\/a><\/p>\n","protected":false},"author":3,"featured_media":1518,"comment_status":"closed","ping_status":"open","sticky":false,"template":"","format":"standard","meta":{"footnotes":""},"categories":[16],"tags":[],"class_list":["post-1517","post","type-post","status-publish","format-standard","has-post-thumbnail","hentry","category-news","content-layout-excerpt-thumb"],"_links":{"self":[{"href":"https:\/\/cus.bedzino.pl\/index.php?rest_route=\/wp\/v2\/posts\/1517","targetHints":{"allow":["GET"]}}],"collection":[{"href":"https:\/\/cus.bedzino.pl\/index.php?rest_route=\/wp\/v2\/posts"}],"about":[{"href":"https:\/\/cus.bedzino.pl\/index.php?rest_route=\/wp\/v2\/types\/post"}],"author":[{"embeddable":true,"href":"https:\/\/cus.bedzino.pl\/index.php?rest_route=\/wp\/v2\/users\/3"}],"replies":[{"embeddable":true,"href":"https:\/\/cus.bedzino.pl\/index.php?rest_route=%2Fwp%2Fv2%2Fcomments&post=1517"}],"version-history":[{"count":2,"href":"https:\/\/cus.bedzino.pl\/index.php?rest_route=\/wp\/v2\/posts\/1517\/revisions"}],"predecessor-version":[{"id":1520,"href":"https:\/\/cus.bedzino.pl\/index.php?rest_route=\/wp\/v2\/posts\/1517\/revisions\/1520"}],"wp:featuredmedia":[{"embeddable":true,"href":"https:\/\/cus.bedzino.pl\/index.php?rest_route=\/wp\/v2\/media\/1518"}],"wp:attachment":[{"href":"https:\/\/cus.bedzino.pl\/index.php?rest_route=%2Fwp%2Fv2%2Fmedia&parent=1517"}],"wp:term":[{"taxonomy":"category","embeddable":true,"href":"https:\/\/cus.bedzino.pl\/index.php?rest_route=%2Fwp%2Fv2%2Fcategories&post=1517"},{"taxonomy":"post_tag","embeddable":true,"href":"https:\/\/cus.bedzino.pl\/index.php?rest_route=%2Fwp%2Fv2%2Ftags&post=1517"}],"curies":[{"name":"wp","href":"https:\/\/api.w.org\/{rel}","templated":true}]}}