{"id":1490,"date":"2026-03-04T14:31:37","date_gmt":"2026-03-04T13:31:37","guid":{"rendered":"https:\/\/cus.bedzino.pl\/?p=1490"},"modified":"2026-03-04T14:33:43","modified_gmt":"2026-03-04T13:33:43","slug":"%f0%9f%8c%b8-dzien-kobiet-z-cus-w-bedzinie-%f0%9f%8c%b8","status":"publish","type":"post","link":"https:\/\/cus.bedzino.pl\/?p=1490","title":{"rendered":"\ud83c\udf38 Dzie\u0144 Kobiet z CUS w B\u0119dzinie! \ud83c\udf38"},"content":{"rendered":"\n<figure class=\"wp-block-image size-large\"><img loading=\"lazy\" decoding=\"async\" width=\"1024\" height=\"724\" src=\"https:\/\/cus.bedzino.pl\/wp-content\/uploads\/2026\/03\/Harmonogram-bezplatnych-porad-Rirekisho-A33-1024x724.jpg\" alt=\"\" class=\"wp-image-1494\" srcset=\"https:\/\/cus.bedzino.pl\/wp-content\/uploads\/2026\/03\/Harmonogram-bezplatnych-porad-Rirekisho-A33-1024x724.jpg 1024w, https:\/\/cus.bedzino.pl\/wp-content\/uploads\/2026\/03\/Harmonogram-bezplatnych-porad-Rirekisho-A33-300x212.jpg 300w, https:\/\/cus.bedzino.pl\/wp-content\/uploads\/2026\/03\/Harmonogram-bezplatnych-porad-Rirekisho-A33-768x543.jpg 768w, https:\/\/cus.bedzino.pl\/wp-content\/uploads\/2026\/03\/Harmonogram-bezplatnych-porad-Rirekisho-A33-1536x1086.jpg 1536w, https:\/\/cus.bedzino.pl\/wp-content\/uploads\/2026\/03\/Harmonogram-bezplatnych-porad-Rirekisho-A33-2048x1448.jpg 2048w\" sizes=\"auto, (max-width: 1024px) 100vw, 1024px\" \/><\/figure>\n\n\n\n<p>Fryzjer? <br>Sprz\u0105tanie? <br>A mo\u017ce chwila piel\u0119gnacji i relaksu?<\/p>\n\n\n\n<p>Centrum Us\u0142ug Spo\u0142ecznych w B\u0119dzinie przypomina, \u017ce mieszkanki Gminy B\u0119dzino mog\u0105 skorzysta\u0107 z bezp\u0142atnych us\u0142ug wspieraj\u0105cych w codziennym funkcjonowaniu. Cho\u0107 przypominamy o nich z okazji Dnia Kobiet, s\u0105 one dost\u0119pne przez ca\u0142y rok w ramach oferty CUS.<\/p>\n\n\n\n<p>W ramach wsparcia mo\u017cna skorzysta\u0107 m.in. z:<br>\u2022 us\u0142ug fryzjerskich<br>\u2022 us\u0142ug piel\u0119gnacyjnych<br>\u2022 pomocy w sprz\u0105taniu<br><img loading=\"lazy\" decoding=\"async\" height=\"16\" width=\"16\" src=\"https:\/\/static.xx.fbcdn.net\/images\/emoji.php\/v9\/t4d\/1\/16\/1f4de.png\" alt=\"\ud83d\udcde\"> Zadzwo\u0144 i um\u00f3w si\u0119 na bezp\u0142atn\u0105 us\u0142ug\u0119:<br>573 954 374<\/p>\n\n\n\n<p>Zach\u0119camy mieszkanki Gminy B\u0119dzino do kontaktu i skorzystania z dost\u0119pnego wsparcia.<br>Czasem chwila pomocy to najlepszy prezent \u2013 nie tylko od \u015bwi\u0119ta.<\/p>\n\n\n\n<figure class=\"wp-block-image is-resized\"><img decoding=\"async\" src=\"https:\/\/static.xx.fbcdn.net\/images\/emoji.php\/v9\/t57\/1\/16\/1f609.png\" alt=\"\ud83d\ude09\" style=\"width:20px;height:auto\"\/><\/figure>\n\n\n\n<p>\u2e3b<br>Zadanie realizowane w ramach projektu Centrum Us\u0142ug Spo\u0142ecznych \u2013 nowym miejscem rozwoju i integracji us\u0142ug spo\u0142ecznych dofinansowanego ze \u015brodk\u00f3w Europejskiego Funduszu Spo\u0142ecznego Plus w ramach FEPZ 2021\u20132027, Priorytet 6 Fundusze Europejskie na rzecz aktywnego Pomorza Zachodniego.<\/p>\n\n\n\n<p><a href=\"https:\/\/www.facebook.com\/hashtag\/cusb%C4%99dzino?__eep__=6&amp;__cft__[0]=AZY7IpKEkHn7GdqNUWKfrMmkL91o4X3Dg2SUboPg4lAZSxCPxrYnY3-Y7MXeKhplXqNPmnOCEh7obx3jq5mco7O3rrHH2iH0w4RpCJTjUUvlTG3vUwkVQYE6mu2X0LVEYvBV4RH3EYh01c2ArBg4vkUJ&amp;__tn__=*NK-R\">#CUSB\u0119dzino<\/a><br><a href=\"https:\/\/www.facebook.com\/hashtag\/centrumus%C5%82ugspo%C5%82ecznychwb%C4%99dzinie?__eep__=6&amp;__cft__[0]=AZY7IpKEkHn7GdqNUWKfrMmkL91o4X3Dg2SUboPg4lAZSxCPxrYnY3-Y7MXeKhplXqNPmnOCEh7obx3jq5mco7O3rrHH2iH0w4RpCJTjUUvlTG3vUwkVQYE6mu2X0LVEYvBV4RH3EYh01c2ArBg4vkUJ&amp;__tn__=*NK-R\">#CentrumUs\u0142ugSpo\u0142ecznychwB\u0119dzinie<\/a><br><a href=\"https:\/\/www.facebook.com\/hashtag\/pomocspo%C5%82eczna?__eep__=6&amp;__cft__[0]=AZY7IpKEkHn7GdqNUWKfrMmkL91o4X3Dg2SUboPg4lAZSxCPxrYnY3-Y7MXeKhplXqNPmnOCEh7obx3jq5mco7O3rrHH2iH0w4RpCJTjUUvlTG3vUwkVQYE6mu2X0LVEYvBV4RH3EYh01c2ArBg4vkUJ&amp;__tn__=*NK-R\">#PomocSpo\u0142eczna<\/a><br><a href=\"https:\/\/www.facebook.com\/hashtag\/funduszeeuropejskie?__eep__=6&amp;__cft__[0]=AZY7IpKEkHn7GdqNUWKfrMmkL91o4X3Dg2SUboPg4lAZSxCPxrYnY3-Y7MXeKhplXqNPmnOCEh7obx3jq5mco7O3rrHH2iH0w4RpCJTjUUvlTG3vUwkVQYE6mu2X0LVEYvBV4RH3EYh01c2ArBg4vkUJ&amp;__tn__=*NK-R\">#FunduszeEuropejskie<\/a><\/p>\n","protected":false},"excerpt":{"rendered":"<p>Fryzjer? Sprz\u0105tanie? A mo\u017ce chwila piel\u0119gnacji i relaksu? Centrum Us\u0142ug Spo\u0142ecznych w B\u0119dzinie przypomina, \u017ce mieszkanki Gminy B\u0119dzino mog\u0105 skorzysta\u0107 z bezp\u0142atnych us\u0142ug wspieraj\u0105cych w codziennym funkcjonowaniu. Cho\u0107 przypominamy o nich z okazji Dnia Kobiet, s\u0105 one dost\u0119pne przez ca\u0142y&#8230; <a href=\"https:\/\/cus.bedzino.pl\/?p=1490\" class=\"readmore\">Dowiedz si\u0119 wi\u0119cej<span class=\"screen-reader-text\">\ud83c\udf38 Dzie\u0144 Kobiet z CUS w B\u0119dzinie! \ud83c\udf38<\/span><span class=\"fa fa-angle-double-right\" aria-hidden=\"true\"><\/span><\/a><\/p>\n","protected":false},"author":3,"featured_media":1491,"comment_status":"closed","ping_status":"open","sticky":false,"template":"","format":"standard","meta":{"footnotes":""},"categories":[16,17,34],"tags":[],"class_list":["post-1490","post","type-post","status-publish","format-standard","has-post-thumbnail","hentry","category-news","category-cus","category-uslugi","content-layout-excerpt-thumb"],"_links":{"self":[{"href":"https:\/\/cus.bedzino.pl\/index.php?rest_route=\/wp\/v2\/posts\/1490","targetHints":{"allow":["GET"]}}],"collection":[{"href":"https:\/\/cus.bedzino.pl\/index.php?rest_route=\/wp\/v2\/posts"}],"about":[{"href":"https:\/\/cus.bedzino.pl\/index.php?rest_route=\/wp\/v2\/types\/post"}],"author":[{"embeddable":true,"href":"https:\/\/cus.bedzino.pl\/index.php?rest_route=\/wp\/v2\/users\/3"}],"replies":[{"embeddable":true,"href":"https:\/\/cus.bedzino.pl\/index.php?rest_route=%2Fwp%2Fv2%2Fcomments&post=1490"}],"version-history":[{"count":3,"href":"https:\/\/cus.bedzino.pl\/index.php?rest_route=\/wp\/v2\/posts\/1490\/revisions"}],"predecessor-version":[{"id":1495,"href":"https:\/\/cus.bedzino.pl\/index.php?rest_route=\/wp\/v2\/posts\/1490\/revisions\/1495"}],"wp:featuredmedia":[{"embeddable":true,"href":"https:\/\/cus.bedzino.pl\/index.php?rest_route=\/wp\/v2\/media\/1491"}],"wp:attachment":[{"href":"https:\/\/cus.bedzino.pl\/index.php?rest_route=%2Fwp%2Fv2%2Fmedia&parent=1490"}],"wp:term":[{"taxonomy":"category","embeddable":true,"href":"https:\/\/cus.bedzino.pl\/index.php?rest_route=%2Fwp%2Fv2%2Fcategories&post=1490"},{"taxonomy":"post_tag","embeddable":true,"href":"https:\/\/cus.bedzino.pl\/index.php?rest_route=%2Fwp%2Fv2%2Ftags&post=1490"}],"curies":[{"name":"wp","href":"https:\/\/api.w.org\/{rel}","templated":true}]}}