{"id":1222,"date":"2026-01-27T10:38:24","date_gmt":"2026-01-27T09:38:24","guid":{"rendered":"https:\/\/cus.bedzino.pl\/?p=1222"},"modified":"2026-02-20T10:48:31","modified_gmt":"2026-02-20T09:48:31","slug":"harmonogram-bezplatnych-porad-styczen-2026-2","status":"publish","type":"post","link":"https:\/\/cus.bedzino.pl\/?p=1222","title":{"rendered":"Harmonogram bezp\u0142atnych porad LUTY 2026"},"content":{"rendered":"\n<p>Zapraszamy mieszka\u0144c\u00f3w Gminy B\u0119dzino do skorzystania z bezp\u0142atnego wsparcia psychologicznego i prawnego, realizowanego w ramach dzia\u0142a\u0144 Centrum Us\u0142ug Spo\u0142ecznych.<\/p>\n\n\n\n<p><img loading=\"lazy\" decoding=\"async\" height=\"16\" width=\"16\" src=\"https:\/\/static.xx.fbcdn.net\/images\/emoji.php\/v9\/t7c\/1\/16\/1f9e0.png\" alt=\"\ud83e\udde0\"> Konsultacje psychologiczne s\u0105 skierowane do:<br><img loading=\"lazy\" decoding=\"async\" height=\"16\" width=\"16\" src=\"https:\/\/static.xx.fbcdn.net\/images\/emoji.php\/v9\/t51\/1\/16\/2714.png\" alt=\"\u2714\ufe0f\"> doros\u0142ych oraz m\u0142odzie\u017cy, w szczeg\u00f3lno\u015bci os\u00f3b do\u015bwiadczaj\u0105cych trudno\u015bci wychowawczych, problem\u00f3w emocjonalnych, stresu lub trudnych sytuacji \u017cyciowych<br><img loading=\"lazy\" decoding=\"async\" height=\"16\" width=\"16\" src=\"https:\/\/static.xx.fbcdn.net\/images\/emoji.php\/v9\/t51\/1\/16\/2714.png\" alt=\"\u2714\ufe0f\"> dzieci i m\u0142odzie\u017cy w wieku od 3 do 18 lat, wymagaj\u0105cych wsparcia w rozwoju emocjonalnym, spo\u0142ecznym lub w radzeniu sobie z codziennymi wyzwaniami.<\/p>\n\n\n\n<p><img loading=\"lazy\" decoding=\"async\" height=\"16\" width=\"16\" src=\"https:\/\/static.xx.fbcdn.net\/images\/emoji.php\/v9\/t7e\/1\/16\/1f4c5.png\" alt=\"\ud83d\udcc5\"> Terminy dy\u017cur\u00f3w psychologa:<br>&#8211; doro\u015bli i m\u0142odzie\u017c sprawiaj\u0105ca trudno\u015bci wychowawcze:<br>9.02 godz. 14:00-18:00<br>16.02 godz. 14:00-18:00<br>23.02 godz. 11:00-15:00<br>&#8211; dzieci i m\u0142odzie\u017c (3\u201318 lat):<br>12.02 godz.12:00-16:00<\/p>\n\n\n\n<p><img loading=\"lazy\" decoding=\"async\" height=\"16\" width=\"16\" alt=\"\u2696\ufe0f\" src=\"https:\/\/static.xx.fbcdn.net\/images\/emoji.php\/v9\/ta\/1\/16\/2696.png\"> Porady prawne przeznaczone s\u0105 dla os\u00f3b, kt\u00f3re potrzebuj\u0105 pomocy w zrozumieniu przepis\u00f3w prawa oraz wsparcia w rozwi\u0105zywaniu indywidualnych problem\u00f3w prawnych (m.in. sprawy rodzinne, cywilne, administracyjne).<\/p>\n\n\n\n<p><img loading=\"lazy\" decoding=\"async\" height=\"16\" width=\"16\" src=\"https:\/\/static.xx.fbcdn.net\/images\/emoji.php\/v9\/t7e\/1\/16\/1f4c5.png\" alt=\"\ud83d\udcc5\"> Terminy dy\u017cur\u00f3w prawnika:<br>2.02 godz. 9:00 \u2013 12:00<br>9.02 godz. 9:00 \u2013 12:00<br>16.02 godz. 9:00 \u2013 12:00<br>23.02 godz. 9:00 \u2013 12:00<\/p>\n\n\n\n<p><img loading=\"lazy\" decoding=\"async\" height=\"16\" width=\"16\" alt=\"\ud83d\udcde\" src=\"https:\/\/static.xx.fbcdn.net\/images\/emoji.php\/v9\/t4d\/1\/16\/1f4de.png\"> Obowi\u0105zuj\u0105 wcze\u015bniejsze zapisy: 573 954 374<\/p>\n\n\n\n<p>Zadanie realizowane w ramach projektu \u201eCentrum Us\u0142ug Spo\u0142ecznych \u2013 nowym miejscem rozwoju i integracji us\u0142ug spo\u0142ecznych\u201d dofinansowanego ze \u015brodk\u00f3w Europejskiego Funduszu Spo\u0142ecznego Plus w ramach FEPZ 2021-2027, Priorytet 6 Fundusze Europejskie na rzecz aktywnego Pomorza Zachodniego.<\/p>\n\n\n\n<p><a href=\"https:\/\/www.facebook.com\/hashtag\/cusb%C4%99dzino?__eep__=6&amp;__cft__[0]=AZZtxSTVBhkzMLkQDBJy-qLn82WFK8gQLMucmQKBR0oGHt9uiHYzDdpIp3J-r3TT-AoTlbRuGUgjGMGxvAcBf0bHPJeb2sxx6iNa24PPbncxoKFWaHjo94MLF2IXBYrGk35tMM1qYgUqWBGXTuCI_74d&amp;__tn__=*NK-R\">#CUSB\u0119dzino<\/a><br><a href=\"https:\/\/www.facebook.com\/hashtag\/centrumus%C5%82ugspo%C5%82ecznychwb%C4%99dzinie?__eep__=6&amp;__cft__[0]=AZZtxSTVBhkzMLkQDBJy-qLn82WFK8gQLMucmQKBR0oGHt9uiHYzDdpIp3J-r3TT-AoTlbRuGUgjGMGxvAcBf0bHPJeb2sxx6iNa24PPbncxoKFWaHjo94MLF2IXBYrGk35tMM1qYgUqWBGXTuCI_74d&amp;__tn__=*NK-R\">#CentrumUs\u0142ugSpo\u0142ecznychwB\u0119dzinie<\/a><br><a href=\"https:\/\/www.facebook.com\/hashtag\/pomocspo%C5%82eczna?__eep__=6&amp;__cft__[0]=AZZtxSTVBhkzMLkQDBJy-qLn82WFK8gQLMucmQKBR0oGHt9uiHYzDdpIp3J-r3TT-AoTlbRuGUgjGMGxvAcBf0bHPJeb2sxx6iNa24PPbncxoKFWaHjo94MLF2IXBYrGk35tMM1qYgUqWBGXTuCI_74d&amp;__tn__=*NK-R\">#PomocSpo\u0142eczna<\/a><br><a href=\"https:\/\/www.facebook.com\/hashtag\/funduszeeuropejskie?__eep__=6&amp;__cft__[0]=AZZtxSTVBhkzMLkQDBJy-qLn82WFK8gQLMucmQKBR0oGHt9uiHYzDdpIp3J-r3TT-AoTlbRuGUgjGMGxvAcBf0bHPJeb2sxx6iNa24PPbncxoKFWaHjo94MLF2IXBYrGk35tMM1qYgUqWBGXTuCI_74d&amp;__tn__=*NK-R\">#FunduszeEuropejskie<\/a><\/p>\n","protected":false},"excerpt":{"rendered":"<p>Zapraszamy mieszka\u0144c\u00f3w Gminy B\u0119dzino do skorzystania z bezp\u0142atnego wsparcia psychologicznego i prawnego, realizowanego w ramach dzia\u0142a\u0144 Centrum Us\u0142ug Spo\u0142ecznych. Konsultacje psychologiczne s\u0105 skierowane do: doros\u0142ych oraz m\u0142odzie\u017cy, w szczeg\u00f3lno\u015bci os\u00f3b do\u015bwiadczaj\u0105cych trudno\u015bci wychowawczych, problem\u00f3w emocjonalnych, stresu lub trudnych sytuacji \u017cyciowych&#8230; <a href=\"https:\/\/cus.bedzino.pl\/?p=1222\" class=\"readmore\">Dowiedz si\u0119 wi\u0119cej<span class=\"screen-reader-text\">Harmonogram bezp\u0142atnych porad LUTY 2026<\/span><span class=\"fa fa-angle-double-right\" aria-hidden=\"true\"><\/span><\/a><\/p>\n","protected":false},"author":3,"featured_media":1223,"comment_status":"closed","ping_status":"open","sticky":false,"template":"","format":"standard","meta":{"footnotes":""},"categories":[17,34],"tags":[],"class_list":["post-1222","post","type-post","status-publish","format-standard","has-post-thumbnail","hentry","category-cus","category-uslugi","content-layout-excerpt-thumb"],"_links":{"self":[{"href":"https:\/\/cus.bedzino.pl\/index.php?rest_route=\/wp\/v2\/posts\/1222","targetHints":{"allow":["GET"]}}],"collection":[{"href":"https:\/\/cus.bedzino.pl\/index.php?rest_route=\/wp\/v2\/posts"}],"about":[{"href":"https:\/\/cus.bedzino.pl\/index.php?rest_route=\/wp\/v2\/types\/post"}],"author":[{"embeddable":true,"href":"https:\/\/cus.bedzino.pl\/index.php?rest_route=\/wp\/v2\/users\/3"}],"replies":[{"embeddable":true,"href":"https:\/\/cus.bedzino.pl\/index.php?rest_route=%2Fwp%2Fv2%2Fcomments&post=1222"}],"version-history":[{"count":4,"href":"https:\/\/cus.bedzino.pl\/index.php?rest_route=\/wp\/v2\/posts\/1222\/revisions"}],"predecessor-version":[{"id":1229,"href":"https:\/\/cus.bedzino.pl\/index.php?rest_route=\/wp\/v2\/posts\/1222\/revisions\/1229"}],"wp:featuredmedia":[{"embeddable":true,"href":"https:\/\/cus.bedzino.pl\/index.php?rest_route=\/wp\/v2\/media\/1223"}],"wp:attachment":[{"href":"https:\/\/cus.bedzino.pl\/index.php?rest_route=%2Fwp%2Fv2%2Fmedia&parent=1222"}],"wp:term":[{"taxonomy":"category","embeddable":true,"href":"https:\/\/cus.bedzino.pl\/index.php?rest_route=%2Fwp%2Fv2%2Fcategories&post=1222"},{"taxonomy":"post_tag","embeddable":true,"href":"https:\/\/cus.bedzino.pl\/index.php?rest_route=%2Fwp%2Fv2%2Ftags&post=1222"}],"curies":[{"name":"wp","href":"https:\/\/api.w.org\/{rel}","templated":true}]}}