{"id":1183,"date":"2025-12-31T11:25:47","date_gmt":"2025-12-31T10:25:47","guid":{"rendered":"https:\/\/cus.bedzino.pl\/?p=1183"},"modified":"2026-02-20T10:49:39","modified_gmt":"2026-02-20T09:49:39","slug":"informacja-o-mozliwosci-skladania-wnioskow-na-mobilne-uslugi-pielegnacyjne","status":"publish","type":"post","link":"https:\/\/cus.bedzino.pl\/?p=1183","title":{"rendered":"Informacja o mo\u017cliwo\u015bci sk\u0142adania wniosk\u00f3w na mobilne us\u0142ugi piel\u0119gnacyjne"},"content":{"rendered":"\n<p>Centrum Us\u0142ug Spo\u0142ecznych w B\u0119dzinie informuje, \u017ce zgodnie z Programem Us\u0142ug Spo\u0142ecznych na lata 2025\u20132027, uchwalonym przez Rad\u0119 Gminy B\u0119dzino, od dnia <strong>15 stycznia 2025 r.<\/strong> b\u0119dzie mo\u017cliwo\u015b\u0107 sk\u0142adania wniosk\u00f3w o przyznanie us\u0142ug spo\u0142ecznych w formie:<\/p>\n\n\n\n<ul class=\"wp-block-list\">\n<li><strong>mobilnych us\u0142ug piel\u0119gnacyjnych \u2013 fryzjerskich<\/strong>,<\/li>\n\n\n\n<li><strong>mobilnych us\u0142ug piel\u0119gnacyjnych \u2013 kosmetycznych<\/strong>.<\/li>\n<\/ul>\n\n\n\n<p>O przyznanie powy\u017cszych us\u0142ug mog\u0105 ubiega\u0107 si\u0119 <strong>mieszka\u0144cy gminy B\u0119dzino<\/strong>, kt\u00f3rzy:<\/p>\n\n\n\n<ul class=\"wp-block-list\">\n<li>s\u0105 osobami z <strong>orzeczonym znacznym stopniem niepe\u0142nosprawno\u015bci<\/strong>,<\/li>\n\n\n\n<li>s\u0105 <strong>osobami niesamodzielnymi<\/strong>.<\/li>\n<\/ul>\n\n\n\n<p>Wniosek o przyznanie us\u0142ugi spo\u0142ecznej nale\u017cy z\u0142o\u017cy\u0107 w <strong>Centrum Us\u0142ug Spo\u0142ecznych w B\u0119dzinie<\/strong>, <br>w tymczasowej siedzibie: <strong>B\u0119dzino 21<\/strong>.<br>Istnieje r\u00f3wnie\u017c mo\u017cliwo\u015b\u0107 z\u0142o\u017cenia wniosku drog\u0105 elektroniczn\u0105: za po\u015brednictwem <strong>Elektronicznej Platformy Us\u0142ug Administracji Publicznej <\/strong>ePUAP \/GOPSBedzino\/SkrytkaESP lub za po\u015brednictwem <br>e-Dor\u0119czenia AE:PL-93081-57534-SSEFD-1 lub na adres <strong><a>sekretariat@cus.bedzino.pl<\/a><\/strong>.<\/p>\n\n\n\n<p>Szczeg\u00f3\u0142owe informacje mo\u017cna uzyska\u0107 w siedzibie Centrum Us\u0142ug Spo\u0142ecznych w B\u0119dzinie lub kontaktuj\u0105c si\u0119 z pracownikami CUS.<\/p>\n","protected":false},"excerpt":{"rendered":"<p>Centrum Us\u0142ug Spo\u0142ecznych w B\u0119dzinie informuje, \u017ce zgodnie z Programem Us\u0142ug Spo\u0142ecznych na lata 2025\u20132027, uchwalonym przez Rad\u0119 Gminy B\u0119dzino, od dnia 15 stycznia 2025 r. b\u0119dzie mo\u017cliwo\u015b\u0107 sk\u0142adania wniosk\u00f3w o przyznanie us\u0142ug spo\u0142ecznych w formie: O przyznanie powy\u017cszych us\u0142ug&#8230; <a href=\"https:\/\/cus.bedzino.pl\/?p=1183\" class=\"readmore\">Dowiedz si\u0119 wi\u0119cej<span class=\"screen-reader-text\">Informacja o mo\u017cliwo\u015bci sk\u0142adania wniosk\u00f3w na mobilne us\u0142ugi piel\u0119gnacyjne<\/span><span class=\"fa fa-angle-double-right\" aria-hidden=\"true\"><\/span><\/a><\/p>\n","protected":false},"author":3,"featured_media":1184,"comment_status":"closed","ping_status":"open","sticky":false,"template":"","format":"standard","meta":{"footnotes":""},"categories":[17,34],"tags":[],"class_list":["post-1183","post","type-post","status-publish","format-standard","has-post-thumbnail","hentry","category-cus","category-uslugi","content-layout-excerpt-thumb"],"_links":{"self":[{"href":"https:\/\/cus.bedzino.pl\/index.php?rest_route=\/wp\/v2\/posts\/1183","targetHints":{"allow":["GET"]}}],"collection":[{"href":"https:\/\/cus.bedzino.pl\/index.php?rest_route=\/wp\/v2\/posts"}],"about":[{"href":"https:\/\/cus.bedzino.pl\/index.php?rest_route=\/wp\/v2\/types\/post"}],"author":[{"embeddable":true,"href":"https:\/\/cus.bedzino.pl\/index.php?rest_route=\/wp\/v2\/users\/3"}],"replies":[{"embeddable":true,"href":"https:\/\/cus.bedzino.pl\/index.php?rest_route=%2Fwp%2Fv2%2Fcomments&post=1183"}],"version-history":[{"count":2,"href":"https:\/\/cus.bedzino.pl\/index.php?rest_route=\/wp\/v2\/posts\/1183\/revisions"}],"predecessor-version":[{"id":1186,"href":"https:\/\/cus.bedzino.pl\/index.php?rest_route=\/wp\/v2\/posts\/1183\/revisions\/1186"}],"wp:featuredmedia":[{"embeddable":true,"href":"https:\/\/cus.bedzino.pl\/index.php?rest_route=\/wp\/v2\/media\/1184"}],"wp:attachment":[{"href":"https:\/\/cus.bedzino.pl\/index.php?rest_route=%2Fwp%2Fv2%2Fmedia&parent=1183"}],"wp:term":[{"taxonomy":"category","embeddable":true,"href":"https:\/\/cus.bedzino.pl\/index.php?rest_route=%2Fwp%2Fv2%2Fcategories&post=1183"},{"taxonomy":"post_tag","embeddable":true,"href":"https:\/\/cus.bedzino.pl\/index.php?rest_route=%2Fwp%2Fv2%2Ftags&post=1183"}],"curies":[{"name":"wp","href":"https:\/\/api.w.org\/{rel}","templated":true}]}}