{"id":1151,"date":"2025-12-26T16:37:13","date_gmt":"2025-12-26T15:37:13","guid":{"rendered":"https:\/\/cus.bedzino.pl\/?p=1151"},"modified":"2026-02-24T13:50:23","modified_gmt":"2026-02-24T12:50:23","slug":"apel-o-solidarnosc-i-wsparcie-dla-rodziny-z-popowa","status":"publish","type":"post","link":"https:\/\/cus.bedzino.pl\/?p=1151","title":{"rendered":"Apel o solidarno\u015b\u0107 i wsparcie dla rodziny z Popowa"},"content":{"rendered":"\n<p>Tu\u017c przed \u015awi\u0119tami Bo\u017cego Narodzenia siedmioosobowa rodzina z Popowa do\u015bwiadczy\u0142a dramatycznych wydarze\u0144. Po\u017car, kt\u00f3ry wybuch\u0142 w domu podczas przed\u015bwi\u0105tecznych przygotowa\u0144, w jednej chwili pozbawi\u0142 ich miejsca zamieszkania. Znikn\u0119\u0142a przestrze\u0144, kt\u00f3ra dawa\u0142a poczucie bezpiecze\u0144stwa, stabilno\u015bci i normalno\u015bci \u2013 szczeg\u00f3lnie wa\u017cne dla dzieci, kt\u00f3rych jest tr\u00f3jka. Obecnie rodzina mierzy si\u0119 z bardzo trudn\u0105 sytuacj\u0105 i potrzebuje wsparcia, by zapewni\u0107 dzieciom niezb\u0119dne potrzeby oraz m\u00f3c my\u015ble\u0107 o odbudowie domu.<\/p>\n\n\n\n<p>Zach\u0119camy do okazania pomocy \u2013 ka\u017cda forma wsparcia oraz udost\u0119pnienie informacji maj\u0105 realne znaczenie.<\/p>\n\n\n\n<p>Wsp\u00f3lnie mo\u017cemy pom\u00f3c tej rodzinie przej\u015b\u0107 przez ten wyj\u0105tkowo trudny czas.<\/p>\n","protected":false},"excerpt":{"rendered":"<p>Tu\u017c przed \u015awi\u0119tami Bo\u017cego Narodzenia siedmioosobowa rodzina z Popowa do\u015bwiadczy\u0142a dramatycznych wydarze\u0144. Po\u017car, kt\u00f3ry wybuch\u0142 w domu podczas przed\u015bwi\u0105tecznych przygotowa\u0144, w jednej chwili pozbawi\u0142 ich miejsca zamieszkania. Znikn\u0119\u0142a przestrze\u0144, kt\u00f3ra dawa\u0142a poczucie bezpiecze\u0144stwa, stabilno\u015bci i normalno\u015bci \u2013 szczeg\u00f3lnie wa\u017cne dla&#8230; <a href=\"https:\/\/cus.bedzino.pl\/?p=1151\" class=\"readmore\">Dowiedz si\u0119 wi\u0119cej<span class=\"screen-reader-text\">Apel o solidarno\u015b\u0107 i wsparcie dla rodziny z Popowa<\/span><span class=\"fa fa-angle-double-right\" aria-hidden=\"true\"><\/span><\/a><\/p>\n","protected":false},"author":3,"featured_media":1152,"comment_status":"closed","ping_status":"open","sticky":false,"template":"","format":"standard","meta":{"footnotes":""},"categories":[16],"tags":[],"class_list":["post-1151","post","type-post","status-publish","format-standard","has-post-thumbnail","hentry","category-news","content-layout-excerpt-thumb"],"_links":{"self":[{"href":"https:\/\/cus.bedzino.pl\/index.php?rest_route=\/wp\/v2\/posts\/1151","targetHints":{"allow":["GET"]}}],"collection":[{"href":"https:\/\/cus.bedzino.pl\/index.php?rest_route=\/wp\/v2\/posts"}],"about":[{"href":"https:\/\/cus.bedzino.pl\/index.php?rest_route=\/wp\/v2\/types\/post"}],"author":[{"embeddable":true,"href":"https:\/\/cus.bedzino.pl\/index.php?rest_route=\/wp\/v2\/users\/3"}],"replies":[{"embeddable":true,"href":"https:\/\/cus.bedzino.pl\/index.php?rest_route=%2Fwp%2Fv2%2Fcomments&post=1151"}],"version-history":[{"count":2,"href":"https:\/\/cus.bedzino.pl\/index.php?rest_route=\/wp\/v2\/posts\/1151\/revisions"}],"predecessor-version":[{"id":1154,"href":"https:\/\/cus.bedzino.pl\/index.php?rest_route=\/wp\/v2\/posts\/1151\/revisions\/1154"}],"wp:featuredmedia":[{"embeddable":true,"href":"https:\/\/cus.bedzino.pl\/index.php?rest_route=\/wp\/v2\/media\/1152"}],"wp:attachment":[{"href":"https:\/\/cus.bedzino.pl\/index.php?rest_route=%2Fwp%2Fv2%2Fmedia&parent=1151"}],"wp:term":[{"taxonomy":"category","embeddable":true,"href":"https:\/\/cus.bedzino.pl\/index.php?rest_route=%2Fwp%2Fv2%2Fcategories&post=1151"},{"taxonomy":"post_tag","embeddable":true,"href":"https:\/\/cus.bedzino.pl\/index.php?rest_route=%2Fwp%2Fv2%2Ftags&post=1151"}],"curies":[{"name":"wp","href":"https:\/\/api.w.org\/{rel}","templated":true}]}}