{"id":1145,"date":"2025-12-23T21:30:17","date_gmt":"2025-12-23T20:30:17","guid":{"rendered":"https:\/\/cus.bedzino.pl\/?p=1145"},"modified":"2026-02-24T13:50:17","modified_gmt":"2026-02-24T12:50:17","slug":"choinkowe-marzenia-2025-wspolnie-tworzymy-magie-swiat-dla-dzieci","status":"publish","type":"post","link":"https:\/\/cus.bedzino.pl\/?p=1145","title":{"rendered":"Choinkowe Marzenia 2025 \u2013 wsp\u00f3lnie tworzymy magi\u0119 \u015bwi\u0105t dla dzieci!"},"content":{"rendered":"\n<figure class=\"wp-block-gallery has-nested-images columns-default is-cropped wp-block-gallery-1 is-layout-flex wp-block-gallery-is-layout-flex\">\n<figure class=\"wp-block-image size-large\"><img loading=\"lazy\" decoding=\"async\" width=\"768\" height=\"1024\" data-id=\"1146\" src=\"https:\/\/cus.bedzino.pl\/wp-content\/uploads\/2025\/12\/WhatsApp-Image-2025-12-19-at-14.52-768x1024.jpeg\" alt=\"\" class=\"wp-image-1146\" srcset=\"https:\/\/cus.bedzino.pl\/wp-content\/uploads\/2025\/12\/WhatsApp-Image-2025-12-19-at-14.52-768x1024.jpeg 768w, https:\/\/cus.bedzino.pl\/wp-content\/uploads\/2025\/12\/WhatsApp-Image-2025-12-19-at-14.52-225x300.jpeg 225w, https:\/\/cus.bedzino.pl\/wp-content\/uploads\/2025\/12\/WhatsApp-Image-2025-12-19-at-14.52-1152x1536.jpeg 1152w, https:\/\/cus.bedzino.pl\/wp-content\/uploads\/2025\/12\/WhatsApp-Image-2025-12-19-at-14.52.jpeg 1500w\" sizes=\"auto, (max-width: 768px) 100vw, 768px\" \/><\/figure>\n\n\n\n<figure class=\"wp-block-image size-large\"><img loading=\"lazy\" decoding=\"async\" width=\"1024\" height=\"874\" data-id=\"1148\" src=\"https:\/\/cus.bedzino.pl\/wp-content\/uploads\/2025\/12\/WhatsApp-Image-2025-12-19-at-14.52.21-1024x874.jpeg\" alt=\"\" class=\"wp-image-1148\" srcset=\"https:\/\/cus.bedzino.pl\/wp-content\/uploads\/2025\/12\/WhatsApp-Image-2025-12-19-at-14.52.21-1024x874.jpeg 1024w, https:\/\/cus.bedzino.pl\/wp-content\/uploads\/2025\/12\/WhatsApp-Image-2025-12-19-at-14.52.21-300x256.jpeg 300w, https:\/\/cus.bedzino.pl\/wp-content\/uploads\/2025\/12\/WhatsApp-Image-2025-12-19-at-14.52.21-768x655.jpeg 768w, https:\/\/cus.bedzino.pl\/wp-content\/uploads\/2025\/12\/WhatsApp-Image-2025-12-19-at-14.52.21.jpeg 1500w\" sizes=\"auto, (max-width: 1024px) 100vw, 1024px\" \/><\/figure>\n\n\n\n<figure class=\"wp-block-image size-large\"><img loading=\"lazy\" decoding=\"async\" width=\"722\" height=\"1024\" data-id=\"1147\" src=\"https:\/\/cus.bedzino.pl\/wp-content\/uploads\/2025\/12\/WhatsApp-Image-2025-12-19-at-15.37.34-722x1024.jpeg\" alt=\"\" class=\"wp-image-1147\" srcset=\"https:\/\/cus.bedzino.pl\/wp-content\/uploads\/2025\/12\/WhatsApp-Image-2025-12-19-at-15.37.34-722x1024.jpeg 722w, https:\/\/cus.bedzino.pl\/wp-content\/uploads\/2025\/12\/WhatsApp-Image-2025-12-19-at-15.37.34-212x300.jpeg 212w, https:\/\/cus.bedzino.pl\/wp-content\/uploads\/2025\/12\/WhatsApp-Image-2025-12-19-at-15.37.34-768x1089.jpeg 768w, https:\/\/cus.bedzino.pl\/wp-content\/uploads\/2025\/12\/WhatsApp-Image-2025-12-19-at-15.37.34.jpeg 1062w\" sizes=\"auto, (max-width: 722px) 100vw, 722px\" \/><\/figure>\n<\/figure>\n\n\n\n<p>Za <a><\/a>nami IV edycja pi\u0119knej, lokalnej akcji charytatywnej \u201eChoinkowe Marzenia\u201d, kt\u00f3rej organizatork\u0105 i pomys\u0142odawczyni\u0105 jest pani <a href=\"https:\/\/www.facebook.com\/wioletta.parol.zyluk?__cft__[0]=AZZFhxmBoAjkj6z7ZnGzlr45MlTq56amDuFpniANYNlSsLv9g6oM_K5XPKb_y86xRB9wjVAYnPZ9xQb14GqIxx09H8AEmkGk6O32Os09L7yjMyOn2I7A-afa2Mdk-3viC5qeSkr0XwN3XCu_F2sBCHdkfkk89khxX7eYLck1h4pg-0uQiTxKOSPdn7NZYO22hGm1J3l9L9HN7NZw9ugj474s&amp;__tn__=-]K-R\">Wioletta Parol-\u017byluk<\/a>. Po raz kolejny inicjatywa ta udowodni\u0142a, jak wielk\u0105 si\u0142\u0119 ma wsp\u00f3lne dzia\u0142anie i otwarte serca <img loading=\"lazy\" decoding=\"async\" height=\"16\" width=\"16\" alt=\"\u2764\ufe0f\" src=\"https:\/\/static.xx.fbcdn.net\/images\/emoji.php\/v9\/t6c\/1\/16\/2764.png\"><\/p>\n\n\n\n<p>Dzi\u0119ki ogromnemu zaanga\u017cowaniu spo\u0142eczno\u015bci uda\u0142o si\u0119 przygotowa\u0107 blisko 100 wyj\u0105tkowych paczek \u2013 dok\u0142adnie takich, o jakich marzy\u0142y dzieci. Prezenty trafi\u0142y m.in. do dzieci z rodzin zast\u0119pczych, dzieci z niepe\u0142nosprawno\u015bciami, przewlekle chorych oraz znajduj\u0105cych si\u0119 w trudnej sytuacji \u017cyciowej i materialnej \u2013 g\u0142\u00f3wnie z terenu Gminy B\u0119dzino.<\/p>\n\n\n\n<p>Centrum Us\u0142ug Spo\u0142ecznych w B\u0119dzinie r\u00f3wnie\u017c mia\u0142o sw\u00f3j udzia\u0142 w tej akcji \u2013 nasi pracownicy z ogromnym zaanga\u017cowaniem pomagali w ustaleniu dzieci\u0119cych marze\u0144 oraz rozwozili paczki bezpo\u015brednio do dzieci, nios\u0105c im rado\u015b\u0107, wzruszenie i prawdziw\u0105 magi\u0119 \u015bwi\u0105t.<\/p>\n\n\n\n<p>Serdecznie dzi\u0119kujemy pani Wioletcie Parol-\u017byluk za zaufanie, serce i konsekwencj\u0119 w tworzeniu tej wyj\u0105tkowej inicjatywy, a wszystkim ludziom dobrej woli \u2013 za czas, otwarto\u015b\u0107 i ch\u0119\u0107 pomagania. To dzi\u0119ki Wam takie akcje naprawd\u0119 zmieniaj\u0105 dzieci\u0119cy \u015bwiat na lepszy <img loading=\"lazy\" decoding=\"async\" height=\"16\" width=\"16\" alt=\"\ud83d\udc96\" src=\"https:\/\/static.xx.fbcdn.net\/images\/emoji.php\/v9\/te9\/1\/16\/1f496.png\"><\/p>\n\n\n\n<p>Do zobaczenia za rok \u2013 bo razem mo\u017cemy wi\u0119cej!<\/p>\n","protected":false},"excerpt":{"rendered":"<p>Za nami IV edycja pi\u0119knej, lokalnej akcji charytatywnej \u201eChoinkowe Marzenia\u201d, kt\u00f3rej organizatork\u0105 i pomys\u0142odawczyni\u0105 jest pani Wioletta Parol-\u017byluk. Po raz kolejny inicjatywa ta udowodni\u0142a, jak wielk\u0105 si\u0142\u0119 ma wsp\u00f3lne dzia\u0142anie i otwarte serca Dzi\u0119ki ogromnemu zaanga\u017cowaniu spo\u0142eczno\u015bci uda\u0142o si\u0119 przygotowa\u0107&#8230; <a href=\"https:\/\/cus.bedzino.pl\/?p=1145\" class=\"readmore\">Dowiedz si\u0119 wi\u0119cej<span class=\"screen-reader-text\">Choinkowe Marzenia 2025 \u2013 wsp\u00f3lnie tworzymy magi\u0119 \u015bwi\u0105t dla dzieci!<\/span><span class=\"fa fa-angle-double-right\" aria-hidden=\"true\"><\/span><\/a><\/p>\n","protected":false},"author":3,"featured_media":1149,"comment_status":"closed","ping_status":"open","sticky":false,"template":"","format":"standard","meta":{"footnotes":""},"categories":[16,33],"tags":[],"class_list":["post-1145","post","type-post","status-publish","format-standard","has-post-thumbnail","hentry","category-news","category-pwd","content-layout-excerpt-thumb"],"_links":{"self":[{"href":"https:\/\/cus.bedzino.pl\/index.php?rest_route=\/wp\/v2\/posts\/1145","targetHints":{"allow":["GET"]}}],"collection":[{"href":"https:\/\/cus.bedzino.pl\/index.php?rest_route=\/wp\/v2\/posts"}],"about":[{"href":"https:\/\/cus.bedzino.pl\/index.php?rest_route=\/wp\/v2\/types\/post"}],"author":[{"embeddable":true,"href":"https:\/\/cus.bedzino.pl\/index.php?rest_route=\/wp\/v2\/users\/3"}],"replies":[{"embeddable":true,"href":"https:\/\/cus.bedzino.pl\/index.php?rest_route=%2Fwp%2Fv2%2Fcomments&post=1145"}],"version-history":[{"count":1,"href":"https:\/\/cus.bedzino.pl\/index.php?rest_route=\/wp\/v2\/posts\/1145\/revisions"}],"predecessor-version":[{"id":1150,"href":"https:\/\/cus.bedzino.pl\/index.php?rest_route=\/wp\/v2\/posts\/1145\/revisions\/1150"}],"wp:featuredmedia":[{"embeddable":true,"href":"https:\/\/cus.bedzino.pl\/index.php?rest_route=\/wp\/v2\/media\/1149"}],"wp:attachment":[{"href":"https:\/\/cus.bedzino.pl\/index.php?rest_route=%2Fwp%2Fv2%2Fmedia&parent=1145"}],"wp:term":[{"taxonomy":"category","embeddable":true,"href":"https:\/\/cus.bedzino.pl\/index.php?rest_route=%2Fwp%2Fv2%2Fcategories&post=1145"},{"taxonomy":"post_tag","embeddable":true,"href":"https:\/\/cus.bedzino.pl\/index.php?rest_route=%2Fwp%2Fv2%2Ftags&post=1145"}],"curies":[{"name":"wp","href":"https:\/\/api.w.org\/{rel}","templated":true}]}}