{"id":1141,"date":"2025-12-23T16:35:48","date_gmt":"2025-12-23T15:35:48","guid":{"rendered":"https:\/\/cus.bedzino.pl\/?p=1141"},"modified":"2026-02-24T13:50:01","modified_gmt":"2026-02-24T12:50:01","slug":"koncert-gitarowy-mateusza-kowalskiego-z-okazji-1-rocznicy-dzialalnosci-centrum-uslug-spolecznych-w-bedzinie","status":"publish","type":"post","link":"https:\/\/cus.bedzino.pl\/?p=1141","title":{"rendered":"KONCERT GITAROWY MATEUSZA KOWALSKIEGO z okazji 1. rocznicy dzia\u0142alno\u015bci Centrum Us\u0142ug Spo\u0142ecznych w B\u0119dzinie!"},"content":{"rendered":"\n<p>Zapraszamy serdecznie na wyj\u0105tkowy koncert klasycznej gitary, kt\u00f3ry odb\u0119dzie si\u0119 29 grudnia 2025 r. o godz. 17:00 w Domu Ludowym w Tymieniu. Wydarzenie organizowane jest z okazji pierwszej rocznicy dzia\u0142alno\u015bci Centrum Us\u0142ug Spo\u0142ecznych w B\u0119dzinie, kt\u00f3re kontynuuje misj\u0119 wspierania mieszka\u0144c\u00f3w po przekszta\u0142ceniu z Gminnego O\u015brodka Pomocy Spo\u0142ecznej.<\/p>\n\n\n\n<p><a href=\"https:\/\/www.facebook.com\/mateuszkowalskiguitarist?__cft__[0]=AZaAFEeK7BWc8IjYz_cdEVI7Ljm0Y4w-lsaOCgeqdbKH4xYPahbXUMIjr9SpSTtdZykHxvs39rbHx5cykZFj5mpJqNzBG5Nswr4NmR_rUizW6pzLIUMrjBbweQdjQFcn-dIWJ2a4Ym6NY1-naOnQKMN5SsQQahCILyB4CjndEcSF-K6hMbGYcgNPUu1QlmTPIPAN-CX7jD8BvuJtj93zRoW-hCNdh1gLfMNmmP2T5EfLgQ&amp;__tn__=-]K-R\">Mateusz Kowalski &#8211; Classical Guitarist<\/a> to ceniony polski gitarzysta klasyczny o mi\u0119dzynarodowej renomie \u2014 koncertuje na presti\u017cowych scenach w Europie, USA i Azji, zachwycaj\u0105c publiczno\u015b\u0107 w Wiedniu, Nowym Jorku, Los Angeles czy Pary\u017cu. Artysta zosta\u0142 nominowany do nagrody Grammy 2026 za album \u201eSlavic Sessions\u201d, nagrany wraz z wybitnym s\u0142owe\u0144skim gitarzyst\u0105 Makiem Grgiciem. Mateusz Kowalski zachwyca interpretacjami repertuaru od muzyki renesansu po kompozycje wsp\u00f3\u0142czesne, prezentuj\u0105c muzyczn\u0105 g\u0142\u0119bi\u0119, techniczn\u0105 perfekcj\u0119 i artystyczn\u0105 wra\u017cliwo\u015b\u0107.<\/p>\n\n\n\n<p>Koncert Mateusza Kowalskiego zainauguruje nowy cykl spotka\u0144 kulturalnych \u201eKULTURA BEZ BARIER\u201d, organizowany przez Centrum Us\u0142ug Spo\u0142ecznych w B\u0119dzinie. To inicjatywa, kt\u00f3rej celem jest integrowanie lokalnej spo\u0142eczno\u015bci oraz u\u0142atwienie dost\u0119pu do kultury osobom zagro\u017conym wykluczeniem, w szczeg\u00f3lno\u015bci mieszka\u0144com teren\u00f3w wiejskich i osobom napotykaj\u0105cym bariery komunikacyjne, spo\u0142eczne lub ekonomiczne.<\/p>\n\n\n\n<p>Poprzez organizacj\u0119 wydarze\u0144 kulturalnych blisko miejsca zamieszkania chcemy tworzy\u0107 przestrze\u0144 spotkania, dialogu i wsp\u00f3lnego prze\u017cywania sztuki, pokazuj\u0105c, \u017ce kultura mo\u017ce by\u0107 dost\u0119pna, otwarta i bliska ka\u017cdemu. Cykl \u201eKULTURA BEZ BARIER\u201d jest naturalnym rozwini\u0119ciem misji Centrum Us\u0142ug Spo\u0142ecznych w B\u0119dzinie \u2014 wzmacniania wi\u0119zi spo\u0142ecznych, przeciwdzia\u0142ania wykluczeniu oraz budowania aktywnej, w\u0142\u0105czaj\u0105cej wsp\u00f3lnoty lokalnej.<\/p>\n\n\n\n<p>Dom Ludowy w Tymieniu<br>29 grudnia 2025, godz. 17:00<\/p>\n\n\n\n<p>Wst\u0119p wolny!<br>Do zobaczenia w Tymieniu 29 grudnia!<\/p>\n","protected":false},"excerpt":{"rendered":"<p>Zapraszamy serdecznie na wyj\u0105tkowy koncert klasycznej gitary, kt\u00f3ry odb\u0119dzie si\u0119 29 grudnia 2025 r. o godz. 17:00 w Domu Ludowym w Tymieniu. Wydarzenie organizowane jest z okazji pierwszej rocznicy dzia\u0142alno\u015bci Centrum Us\u0142ug Spo\u0142ecznych w B\u0119dzinie, kt\u00f3re kontynuuje misj\u0119 wspierania mieszka\u0144c\u00f3w&#8230; <a href=\"https:\/\/cus.bedzino.pl\/?p=1141\" class=\"readmore\">Dowiedz si\u0119 wi\u0119cej<span class=\"screen-reader-text\">KONCERT GITAROWY MATEUSZA KOWALSKIEGO z okazji 1. rocznicy dzia\u0142alno\u015bci Centrum Us\u0142ug Spo\u0142ecznych w B\u0119dzinie!<\/span><span class=\"fa fa-angle-double-right\" aria-hidden=\"true\"><\/span><\/a><\/p>\n","protected":false},"author":3,"featured_media":1142,"comment_status":"closed","ping_status":"open","sticky":false,"template":"","format":"standard","meta":{"footnotes":""},"categories":[16,35,17],"tags":[],"class_list":["post-1141","post","type-post","status-publish","format-standard","has-post-thumbnail","hentry","category-news","category-kultura-bez-barier","category-cus","content-layout-excerpt-thumb"],"_links":{"self":[{"href":"https:\/\/cus.bedzino.pl\/index.php?rest_route=\/wp\/v2\/posts\/1141","targetHints":{"allow":["GET"]}}],"collection":[{"href":"https:\/\/cus.bedzino.pl\/index.php?rest_route=\/wp\/v2\/posts"}],"about":[{"href":"https:\/\/cus.bedzino.pl\/index.php?rest_route=\/wp\/v2\/types\/post"}],"author":[{"embeddable":true,"href":"https:\/\/cus.bedzino.pl\/index.php?rest_route=\/wp\/v2\/users\/3"}],"replies":[{"embeddable":true,"href":"https:\/\/cus.bedzino.pl\/index.php?rest_route=%2Fwp%2Fv2%2Fcomments&post=1141"}],"version-history":[{"count":2,"href":"https:\/\/cus.bedzino.pl\/index.php?rest_route=\/wp\/v2\/posts\/1141\/revisions"}],"predecessor-version":[{"id":1144,"href":"https:\/\/cus.bedzino.pl\/index.php?rest_route=\/wp\/v2\/posts\/1141\/revisions\/1144"}],"wp:featuredmedia":[{"embeddable":true,"href":"https:\/\/cus.bedzino.pl\/index.php?rest_route=\/wp\/v2\/media\/1142"}],"wp:attachment":[{"href":"https:\/\/cus.bedzino.pl\/index.php?rest_route=%2Fwp%2Fv2%2Fmedia&parent=1141"}],"wp:term":[{"taxonomy":"category","embeddable":true,"href":"https:\/\/cus.bedzino.pl\/index.php?rest_route=%2Fwp%2Fv2%2Fcategories&post=1141"},{"taxonomy":"post_tag","embeddable":true,"href":"https:\/\/cus.bedzino.pl\/index.php?rest_route=%2Fwp%2Fv2%2Ftags&post=1141"}],"curies":[{"name":"wp","href":"https:\/\/api.w.org\/{rel}","templated":true}]}}