{"id":1137,"date":"2025-12-23T13:58:49","date_gmt":"2025-12-23T12:58:49","guid":{"rendered":"https:\/\/cus.bedzino.pl\/?p=1137"},"modified":"2026-02-24T13:49:48","modified_gmt":"2026-02-24T12:49:48","slug":"zyczenia-swiateczne","status":"publish","type":"post","link":"https:\/\/cus.bedzino.pl\/?p=1137","title":{"rendered":"\u017byczenia \u015awi\u0105teczne"},"content":{"rendered":"\n<p>Drodzy Mieszka\u0144cy Gminy B\u0119dzino,<br>z okazji \u015awi\u0105t Bo\u017cego Narodzenia Dyrektor oraz zesp\u00f3\u0142 Centrum Us\u0142ug Spo\u0142ecznych w B\u0119dzinie sk\u0142adaj\u0105 Pa\u0144stwu najserdeczniejsze \u017cyczenia spokoju, zdrowia i ciep\u0142a p\u0142yn\u0105cego z blisko\u015bci drugiego cz\u0142owiek<br>Niech ten wyj\u0105tkowy czas przyniesie chwil\u0119 wytchnienia od codziennych spraw, nape\u0142ni serca nadziej\u0105 i doda si\u0142 na kolejne dni. \u017byczymy, aby nadchodz\u0105cy rok by\u0142 pe\u0142en \u017cyczliwo\u015bci, wzajemnego wsparcia oraz dobrych spotka\u0144.<br>Dzi\u0119kujemy za zaufanie i wsp\u00f3\u0142tworzenie lokalnej wsp\u00f3lnoty.<br>Niech \u015awi\u0119ta b\u0119d\u0105 czasem spokoju i serdeczno\u015bci, a Nowy Rok przyniesie pomy\u015blno\u015b\u0107 i wiele powod\u00f3w do u\u015bmiechu!<img loading=\"lazy\" decoding=\"async\" height=\"16\" width=\"16\" src=\"https:\/\/static.xx.fbcdn.net\/images\/emoji.php\/v9\/tf4\/1\/16\/2728.png\" alt=\"\u2728\"><\/p>\n\n\n\n<p><img loading=\"lazy\" decoding=\"async\" height=\"16\" width=\"16\" src=\"https:\/\/static.xx.fbcdn.net\/images\/emoji.php\/v9\/t7\/1\/16\/1f384.png\" alt=\"\ud83c\udf84\">Dyrektor i Zesp\u00f3\u0142<br>Centrum Us\u0142ug Spo\u0142ecznych w B\u0119dzinie<\/p>\n\n\n\n<p><\/p>\n","protected":false},"excerpt":{"rendered":"<p>Drodzy Mieszka\u0144cy Gminy B\u0119dzino,z okazji \u015awi\u0105t Bo\u017cego Narodzenia Dyrektor oraz zesp\u00f3\u0142 Centrum Us\u0142ug Spo\u0142ecznych w B\u0119dzinie sk\u0142adaj\u0105 Pa\u0144stwu najserdeczniejsze \u017cyczenia spokoju, zdrowia i ciep\u0142a p\u0142yn\u0105cego z blisko\u015bci drugiego cz\u0142owiekNiech ten wyj\u0105tkowy czas przyniesie chwil\u0119 wytchnienia od codziennych spraw, nape\u0142ni serca&#8230; <a href=\"https:\/\/cus.bedzino.pl\/?p=1137\" class=\"readmore\">Dowiedz si\u0119 wi\u0119cej<span class=\"screen-reader-text\">\u017byczenia \u015awi\u0105teczne<\/span><span class=\"fa fa-angle-double-right\" aria-hidden=\"true\"><\/span><\/a><\/p>\n","protected":false},"author":3,"featured_media":1138,"comment_status":"closed","ping_status":"open","sticky":false,"template":"","format":"standard","meta":{"footnotes":""},"categories":[16],"tags":[],"class_list":["post-1137","post","type-post","status-publish","format-standard","has-post-thumbnail","hentry","category-news","content-layout-excerpt-thumb"],"_links":{"self":[{"href":"https:\/\/cus.bedzino.pl\/index.php?rest_route=\/wp\/v2\/posts\/1137","targetHints":{"allow":["GET"]}}],"collection":[{"href":"https:\/\/cus.bedzino.pl\/index.php?rest_route=\/wp\/v2\/posts"}],"about":[{"href":"https:\/\/cus.bedzino.pl\/index.php?rest_route=\/wp\/v2\/types\/post"}],"author":[{"embeddable":true,"href":"https:\/\/cus.bedzino.pl\/index.php?rest_route=\/wp\/v2\/users\/3"}],"replies":[{"embeddable":true,"href":"https:\/\/cus.bedzino.pl\/index.php?rest_route=%2Fwp%2Fv2%2Fcomments&post=1137"}],"version-history":[{"count":2,"href":"https:\/\/cus.bedzino.pl\/index.php?rest_route=\/wp\/v2\/posts\/1137\/revisions"}],"predecessor-version":[{"id":1140,"href":"https:\/\/cus.bedzino.pl\/index.php?rest_route=\/wp\/v2\/posts\/1137\/revisions\/1140"}],"wp:featuredmedia":[{"embeddable":true,"href":"https:\/\/cus.bedzino.pl\/index.php?rest_route=\/wp\/v2\/media\/1138"}],"wp:attachment":[{"href":"https:\/\/cus.bedzino.pl\/index.php?rest_route=%2Fwp%2Fv2%2Fmedia&parent=1137"}],"wp:term":[{"taxonomy":"category","embeddable":true,"href":"https:\/\/cus.bedzino.pl\/index.php?rest_route=%2Fwp%2Fv2%2Fcategories&post=1137"},{"taxonomy":"post_tag","embeddable":true,"href":"https:\/\/cus.bedzino.pl\/index.php?rest_route=%2Fwp%2Fv2%2Ftags&post=1137"}],"curies":[{"name":"wp","href":"https:\/\/api.w.org\/{rel}","templated":true}]}}