{"id":1098,"date":"2025-12-12T14:56:07","date_gmt":"2025-12-12T13:56:07","guid":{"rendered":"https:\/\/cus.bedzino.pl\/?p=1098"},"modified":"2025-12-16T08:48:19","modified_gmt":"2025-12-16T07:48:19","slug":"asystent-osobisty-osoby-z-niepelnosprawnoscia-na-rok-2026","status":"publish","type":"post","link":"https:\/\/cus.bedzino.pl\/?p=1098","title":{"rendered":"Asystent Osobisty Osoby z Niepe\u0142nosprawno\u015bci\u0105 na rok 2026"},"content":{"rendered":"<div class=\"wp-block-image\">\n<figure class=\"aligncenter size-medium\"><img loading=\"lazy\" decoding=\"async\" width=\"300\" height=\"100\" src=\"https:\/\/cus.bedzino.pl\/wp-content\/uploads\/2025\/02\/znaki_strona_www-300x100.png\" alt=\"\" class=\"wp-image-321\" srcset=\"https:\/\/cus.bedzino.pl\/wp-content\/uploads\/2025\/02\/znaki_strona_www-300x100.png 300w, https:\/\/cus.bedzino.pl\/wp-content\/uploads\/2025\/02\/znaki_strona_www-1024x341.png 1024w, https:\/\/cus.bedzino.pl\/wp-content\/uploads\/2025\/02\/znaki_strona_www-768x256.png 768w, https:\/\/cus.bedzino.pl\/wp-content\/uploads\/2025\/02\/znaki_strona_www-1536x511.png 1536w, https:\/\/cus.bedzino.pl\/wp-content\/uploads\/2025\/02\/znaki_strona_www.png 1751w\" sizes=\"auto, (max-width: 300px) 100vw, 300px\" \/><\/figure>\n<\/div>\n\n\n<p>Gmina B\u0119dzino realizuje program&nbsp;<strong>\u201eAsystent osobisty osoby z niepe\u0142nosprawno\u015bci\u0105\u201d&nbsp;<\/strong>dla Jednostek Samorz\u0105du Terytorialnego \u2013 edycja 2026.<\/p>\n\n\n\n<p>Zgodnie z warunkami Programu, jego g\u0142\u00f3wnym celem jest wprowadzenie us\u0142ug asystencji osobistej jako formy og\u00f3lnodost\u0119pnego wsparcia w wykonywaniu codziennych czynno\u015bci oraz funkcjonowaniu w \u017cyciu spo\u0142ecznym, kt\u00f3rych adresatami s\u0105 nast\u0119puj\u0105ce osoby zwane dalej \u201euczestnikami\u201d:<\/p>\n\n\n\n<p>a) osoby posiadaj\u0105ce orzeczenie o znacznym stopniu niepe\u0142nosprawno\u015bci,<\/p>\n\n\n\n<p>b) osoby posiadaj\u0105ce orzeczenie traktowane na r\u00f3wni z orzeczeniem o znacznym stopniu niepe\u0142nosprawno\u015bci, zgodnie z art. 5 i art. 62 ustawy z dnia 27 sierpnia 1997 r. o rehabilitacji zawodowej i spo\u0142ecznej oraz zatrudnianiu os\u00f3b niepe\u0142nosprawnych,<\/p>\n\n\n\n<p>c) dzieci od uko\u0144czenia 2. roku \u017cycia do uko\u0144czenia 16. roku \u017cycia z orzeczeniem o niepe\u0142nosprawno\u015bci \u0142\u0105cznie ze wskazaniami w pkt 7 i 8 w orzeczeniu o niepe\u0142nosprawno\u015bci &#8211; konieczno\u015bci sta\u0142ej lub d\u0142ugotrwa\u0142ej opieki lub pomocy innej osoby w zwi\u0105zku ze znacznie ograniczon\u0105 mo\u017cliwo\u015bci\u0105 samodzielnej egzystencji oraz konieczno\u015bci sta\u0142ego wsp\u00f3\u0142udzia\u0142u na co dzie\u0144 opiekuna dziecka w procesie jego leczenia, rehabilitacji i edukacji,<\/p>\n\n\n\n<p>d) osoby z niepe\u0142nosprawno\u015bciami sprz\u0119\u017conymi<\/p>\n\n\n\n<p>Us\u0142ugi asystencji osobistej polegaj\u0105 na wspieraniu przez asystenta osoby z niepe\u0142nosprawno\u015bci\u0105 w r\u00f3\u017cnych sferach \u017cycia, w tym:<\/p>\n\n\n\n<ol start=\"1\" class=\"wp-block-list\">\n<li>wsparciu uczestnika w czynno\u015bciach samoobs\u0142ugowych, w tym utrzymaniu higieny osobistej;<\/li>\n\n\n\n<li>wsparcie uczestnika w prowadzeniu gospodarstwa domowego i wype\u0142nianiu r\u00f3l w rodzinie;<\/li>\n\n\n\n<li>wsparciu uczestnika w przemieszczaniu si\u0119 poza miejscem zamieszkania;<\/li>\n\n\n\n<li>wsparciu uczestnika w podejmowaniu aktywno\u015bci \u017cyciowej i komunikowaniu si\u0119 z otoczeniem.&nbsp;&nbsp;<\/li>\n<\/ol>\n\n\n\n<p>Us\u0142ugi asystencji osobistej<strong>&nbsp;nie mog\u0105&nbsp;<\/strong>by\u0107 \u015bwiadczone przez osoby b\u0119d\u0105ce cz\u0142onkami rodziny uczestnika, opiekunami prawnymi uczestnika lub osobami faktycznie zamieszkuj\u0105cymi razem z uczestnikiem.<\/p>\n\n\n\n<p><strong>Informujemy,&nbsp; \u017ce osoby spe\u0142niaj\u0105ce kryteria dost\u0119pu mog\u0105 sk\u0142ada\u0107 Karty zg\u0142oszeniowe osobi\u015bcie, b\u0105d\u017a za po\u015brednictwem os\u00f3b trzecich wraz z aktualnym orzeczeniem o stopniu niepe\u0142nosprawno\u015bci.<\/strong>&nbsp;Kart\u0119 nale\u017cy wype\u0142ni\u0107, podpisa\u0107&nbsp;i z\u0142o\u017cy\u0107 w formie papierowej w dniach 15.12.2025r. \u2013 19.12.2025r. w siedzibie Centrum Us\u0142ug Spo\u0142ecznych w B\u0119dzinie&nbsp;(budynek GOK) lub za po\u015brednictwem platformy ePUAP.<\/p>\n\n\n\n<p>Osoba do kontaktu \u2013 Ewelina Bondarowicz tel. 789&nbsp;172&nbsp;139 , mail: <a href=\"mailto:e.bondarowicz@cus.bedzino.pl\">e.bondarowicz@cus.bedzino.pl<\/a><\/p>\n\n\n\n<div class=\"wp-block-file\"><a id=\"wp-block-file--media-e3381b40-7661-4659-af2f-1911257c38a5\" href=\"https:\/\/cus.bedzino.pl\/wp-content\/uploads\/2025\/12\/Zalacznik-nr-7-do-Programu-AOON-JST-2026_karta-zgloszenia.docx\">Za\u0142\u0105cznik-nr-7-do-Programu-AOON-JST-2026_karta zg\u0142oszenia<\/a><a href=\"https:\/\/cus.bedzino.pl\/wp-content\/uploads\/2025\/12\/Zalacznik-nr-7-do-Programu-AOON-JST-2026_karta-zgloszenia.docx\" class=\"wp-block-file__button wp-element-button\" download aria-describedby=\"wp-block-file--media-e3381b40-7661-4659-af2f-1911257c38a5\">Pobierz<\/a><\/div>\n\n\n\n<div class=\"wp-block-file\"><a id=\"wp-block-file--media-d1e65b3c-503b-4465-a929-d5e8be72db8a\" href=\"https:\/\/cus.bedzino.pl\/wp-content\/uploads\/2025\/12\/Zalacznik-nr-8-do-Programu-AOON-JST-2026_karta-zakresu-czynnosci.docx\">Za\u0142\u0105cznik-nr-8-do-Programu-AOON-JST-2026_karta zakresu czynno\u015bci<\/a><a href=\"https:\/\/cus.bedzino.pl\/wp-content\/uploads\/2025\/12\/Zalacznik-nr-8-do-Programu-AOON-JST-2026_karta-zakresu-czynnosci.docx\" class=\"wp-block-file__button wp-element-button\" download aria-describedby=\"wp-block-file--media-d1e65b3c-503b-4465-a929-d5e8be72db8a\">Pobierz<\/a><\/div>\n\n\n\n<p><\/p>\n","protected":false},"excerpt":{"rendered":"<p>Gmina B\u0119dzino realizuje program&nbsp;\u201eAsystent osobisty osoby z niepe\u0142nosprawno\u015bci\u0105\u201d&nbsp;dla Jednostek Samorz\u0105du Terytorialnego \u2013 edycja 2026. Zgodnie z warunkami Programu, jego g\u0142\u00f3wnym celem jest wprowadzenie us\u0142ug asystencji osobistej jako formy og\u00f3lnodost\u0119pnego wsparcia w wykonywaniu codziennych czynno\u015bci oraz funkcjonowaniu w \u017cyciu spo\u0142ecznym, kt\u00f3rych&#8230; <a href=\"https:\/\/cus.bedzino.pl\/?p=1098\" class=\"readmore\">Dowiedz si\u0119 wi\u0119cej<span class=\"screen-reader-text\">Asystent Osobisty Osoby z Niepe\u0142nosprawno\u015bci\u0105 na rok 2026<\/span><span class=\"fa fa-angle-double-right\" aria-hidden=\"true\"><\/span><\/a><\/p>\n","protected":false},"author":2,"featured_media":0,"comment_status":"closed","ping_status":"open","sticky":false,"template":"","format":"standard","meta":{"footnotes":""},"categories":[16,7],"tags":[],"class_list":["post-1098","post","type-post","status-publish","format-standard","hentry","category-news","category-aoon","content-layout-excerpt-thumb"],"_links":{"self":[{"href":"https:\/\/cus.bedzino.pl\/index.php?rest_route=\/wp\/v2\/posts\/1098","targetHints":{"allow":["GET"]}}],"collection":[{"href":"https:\/\/cus.bedzino.pl\/index.php?rest_route=\/wp\/v2\/posts"}],"about":[{"href":"https:\/\/cus.bedzino.pl\/index.php?rest_route=\/wp\/v2\/types\/post"}],"author":[{"embeddable":true,"href":"https:\/\/cus.bedzino.pl\/index.php?rest_route=\/wp\/v2\/users\/2"}],"replies":[{"embeddable":true,"href":"https:\/\/cus.bedzino.pl\/index.php?rest_route=%2Fwp%2Fv2%2Fcomments&post=1098"}],"version-history":[{"count":4,"href":"https:\/\/cus.bedzino.pl\/index.php?rest_route=\/wp\/v2\/posts\/1098\/revisions"}],"predecessor-version":[{"id":1102,"href":"https:\/\/cus.bedzino.pl\/index.php?rest_route=\/wp\/v2\/posts\/1098\/revisions\/1102"}],"wp:attachment":[{"href":"https:\/\/cus.bedzino.pl\/index.php?rest_route=%2Fwp%2Fv2%2Fmedia&parent=1098"}],"wp:term":[{"taxonomy":"category","embeddable":true,"href":"https:\/\/cus.bedzino.pl\/index.php?rest_route=%2Fwp%2Fv2%2Fcategories&post=1098"},{"taxonomy":"post_tag","embeddable":true,"href":"https:\/\/cus.bedzino.pl\/index.php?rest_route=%2Fwp%2Fv2%2Ftags&post=1098"}],"curies":[{"name":"wp","href":"https:\/\/api.w.org\/{rel}","templated":true}]}}