{"id":1083,"date":"2025-12-05T12:16:25","date_gmt":"2025-12-05T11:16:25","guid":{"rendered":"https:\/\/cus.bedzino.pl\/?p=1083"},"modified":"2026-02-24T13:49:10","modified_gmt":"2026-02-24T12:49:10","slug":"gminne-spotkanie-przedswiateczne-zapraszamy-17-grudnia-2025-do-bedzina","status":"publish","type":"post","link":"https:\/\/cus.bedzino.pl\/?p=1083","title":{"rendered":"Gminne Spotkanie Przed\u015bwi\u0105teczne &#8211; zapraszamy 17 grudnia 2025 do B\u0119dzina!"},"content":{"rendered":"\n<p><img loading=\"lazy\" decoding=\"async\" height=\"16\" width=\"16\" alt=\"\ud83c\udf84\" src=\"https:\/\/static.xx.fbcdn.net\/images\/emoji.php\/v9\/t7\/1\/16\/1f384.png\"> Gminne Spotkanie Przed\u015bwi\u0105teczne 2025 <img loading=\"lazy\" decoding=\"async\" height=\"16\" width=\"16\" alt=\"\ud83c\udf84\" src=\"https:\/\/static.xx.fbcdn.net\/images\/emoji.php\/v9\/t7\/1\/16\/1f384.png\"><br><img loading=\"lazy\" decoding=\"async\" height=\"16\" width=\"16\" alt=\"\ud83d\udcc5\" src=\"https:\/\/static.xx.fbcdn.net\/images\/emoji.php\/v9\/t7e\/1\/16\/1f4c5.png\"> 17 grudnia 2025 (\u015broda)<br><img loading=\"lazy\" decoding=\"async\" height=\"16\" width=\"16\" alt=\"\u23f0\" src=\"https:\/\/static.xx.fbcdn.net\/images\/emoji.php\/v9\/t34\/1\/16\/23f0.png\"> godz. 17:00<br><img loading=\"lazy\" decoding=\"async\" height=\"16\" width=\"16\" alt=\"\ud83d\udccd\" src=\"https:\/\/static.xx.fbcdn.net\/images\/emoji.php\/v9\/t2d\/1\/16\/1f4cd.png\"> Dom Kultury w B\u0119dzinie<\/p>\n\n\n\n<p>\u015awi\u0119ta Bo\u017cego Narodzenia to czas, w kt\u00f3rym szczeg\u00f3lnie pragniemy blisko\u015bci, ciep\u0142a i \u017cyczliwo\u015bci. Dlatego Gmina B\u0119dzino oraz Centrum Us\u0142ug Spo\u0142ecznych w B\u0119dzinie zapraszaj\u0105 wszystkie osoby samotne, niepe\u0142nosprawne, emeryt\u00f3w i rencist\u00f3w na Gminne Spotkanie Przed\u015bwi\u0105teczne.<\/p>\n\n\n\n<p>To wydarzenie ma na celu po\u0142\u0105czenie mieszka\u0144c\u00f3w naszej gminy we wsp\u00f3lnym \u015bwi\u0119towaniu, rozmowie i budowaniu poczucia wsp\u00f3lnoty. Przy \u015bwi\u0105tecznym stole b\u0119dzie mo\u017cna poczu\u0107 atmosfer\u0119 nadchodz\u0105cych \u015bwi\u0105t, wys\u0142ucha\u0107 pi\u0119knych kol\u0119d oraz sp\u0119dzi\u0107 mi\u0142y czas w gronie \u017cyczliwych ludzi.<br>Niech b\u0119dzie to wiecz\u00f3r wsp\u00f3lnego ciep\u0142a, u\u015bmiechu i pami\u0119ci o sobie nawzajem. <img loading=\"lazy\" decoding=\"async\" height=\"16\" width=\"16\" alt=\"\u2764\ufe0f\" src=\"https:\/\/static.xx.fbcdn.net\/images\/emoji.php\/v9\/t6c\/1\/16\/2764.png\"><\/p>\n\n\n\n<p><img loading=\"lazy\" decoding=\"async\" height=\"16\" width=\"16\" alt=\"\u2728\" src=\"https:\/\/static.xx.fbcdn.net\/images\/emoji.php\/v9\/tf4\/1\/16\/2728.png\"> W programie artystycznym:<br><img loading=\"lazy\" decoding=\"async\" height=\"16\" width=\"16\" alt=\"\ud83c\udfad\" src=\"https:\/\/static.xx.fbcdn.net\/images\/emoji.php\/v9\/tae\/1\/16\/1f3ad.png\"> \u015awi\u0105teczne przedstawienie &#8222;Zagubiona gwiazda i zazdrosny zaj\u0105c&#8221; w wykonaniu grupy teatralnej \u201eTeatr i My\u201d<br><img loading=\"lazy\" decoding=\"async\" height=\"16\" width=\"16\" alt=\"\ud83c\udfb6\" src=\"https:\/\/static.xx.fbcdn.net\/images\/emoji.php\/v9\/t1f\/1\/16\/1f3b6.png\"> Wyst\u0119py zespo\u0142\u00f3w:<br>\u2022 Zalesie<br>\u2022 Popowianie<br>\u2022 Swaty<br>Czeka nas wiele wzrusze\u0144, pi\u0119knej muzyki i \u015bwi\u0105tecznej atmosfery!<\/p>\n\n\n\n<p><img loading=\"lazy\" decoding=\"async\" height=\"16\" width=\"16\" alt=\"\u2728\" src=\"https:\/\/static.xx.fbcdn.net\/images\/emoji.php\/v9\/tf4\/1\/16\/2728.png\"> Organizator zapewnia bezp\u0142atny transport \u2014 aby ka\u017cdy, kto chce, m\u00f3g\u0142 do nas do\u0142\u0105czy\u0107.<br>Szczeg\u00f3\u0142owe rozk\u0142ady tras autobus\u00f3w znajduj\u0105 si\u0119 poni\u017cej.<\/p>\n\n\n\n<p><img loading=\"lazy\" decoding=\"async\" height=\"16\" width=\"16\" alt=\"\ud83d\ude8d\" src=\"https:\/\/static.xx.fbcdn.net\/images\/emoji.php\/v9\/tfa\/1\/16\/1f68d.png\"> I TRASA (start 16:00)<\/p>\n\n\n\n<p>Podamirowo \u2013 Przystanek PKS \u2013 16:00<br>Dobies\u0142awiec \u2013 Przystanek PKS \u2013 16:05<br>M\u015bcice \u2013 przy Sklepie Turkus \u2013 16:10<br>Strze\u017cenice \u2013 Przystanek PKS \u2013 16:15<br>Stois\u0142aw \u2013 Przystanek PKS \u2013 16:20<br>Dobre \u2013 Przy \u015awietlicy Wiejskiej \u2013 16:30<br>Dobre Ma\u0142e \u2013 Przystanek PKS \u2013 16:35<br>Popowo \u2013 Przystanek PKS \u2013 16:40<br>Zi\u0119brze \u2013 Przystanek PKS \u2013 16:45<br>Kazimierz Pomorski \u2013 Przystanek PKS \u2013 16:50<br>\u0141ekno \u2013 Przy Szkole Podstawowej \u2013 16:50<\/p>\n\n\n\n<p><img loading=\"lazy\" decoding=\"async\" height=\"16\" width=\"16\" alt=\"\ud83d\ude8d\" src=\"https:\/\/static.xx.fbcdn.net\/images\/emoji.php\/v9\/tfa\/1\/16\/1f68d.png\"> II TRASA (start 16:15)<\/p>\n\n\n\n<p>Barnin \u2013 Zagaj\u0119 \u2013 Przystanek PKS \u2013 16:15<br>B\u0119dzinko \u2013 Przystanek PKS \u2013 16:20<br>Skrzeszewo \u2013 Przy Krzy\u017cu \u2013 16:25<br>Kiszkowo \u2013 Przystanek PKS \u2013 16:30<br>Dworek \u2013 Przystanek PKS \u2013 16:35<br>Uliszki \u2013 Przystanek PKS \u2013 16:40<br>S\u0142owienkowo \u2013 Przystanek PKS \u2013 16:45<br>Komory \u2013 Przystanek PKS \u2013 16:50<\/p>\n\n\n\n<p><img loading=\"lazy\" decoding=\"async\" height=\"16\" width=\"16\" alt=\"\ud83d\udc65\" src=\"https:\/\/static.xx.fbcdn.net\/images\/emoji.php\/v9\/t8b\/1\/16\/1f465.png\"> Patronat honorowy:<br>W\u00f3jt Gminy B\u0119dzino Sylwia Halama<\/p>\n\n\n\n<p><img loading=\"lazy\" decoding=\"async\" height=\"16\" width=\"16\" alt=\"\ud83e\udd1d\" src=\"https:\/\/static.xx.fbcdn.net\/images\/emoji.php\/v9\/t64\/1\/16\/1f91d.png\"> Wsp\u00f3\u0142organizatorzy:<br>Urz\u0105d Gminy B\u0119dzino<br>Gminny O\u015brodek Kultury w B\u0119dzinie<br>So\u0142tysi i Rady So\u0142eckie z so\u0142ectw B\u0119dzino i \u0141ekno<br>KGW \u201eIno B\u0119dzino\u201d<\/p>\n\n\n\n<p><img loading=\"lazy\" decoding=\"async\" height=\"16\" width=\"16\" alt=\"\ud83c\udf85\" src=\"https:\/\/static.xx.fbcdn.net\/images\/emoji.php\/v9\/t88\/1\/16\/1f385.png\"><img loading=\"lazy\" decoding=\"async\" height=\"16\" width=\"16\" alt=\"\u2728\" src=\"https:\/\/static.xx.fbcdn.net\/images\/emoji.php\/v9\/tf4\/1\/16\/2728.png\"> Zapraszamy z ca\u0142ego serca!<br>Czeka nas wiecz\u00f3r pe\u0142en wzrusze\u0144, \u015bwi\u0105tecznej magii i pi\u0119knych wyst\u0119p\u00f3w!<br>Kliknij \u201eWezm\u0119 udzia\u0142\u201d, udost\u0119pnij wydarzenie i spotkajmy si\u0119 17 grudnia! <img loading=\"lazy\" decoding=\"async\" height=\"16\" width=\"16\" alt=\"\ud83c\udf84\" src=\"https:\/\/static.xx.fbcdn.net\/images\/emoji.php\/v9\/t7\/1\/16\/1f384.png\"><img loading=\"lazy\" decoding=\"async\" height=\"16\" width=\"16\" alt=\"\ud83c\udf1f\" src=\"https:\/\/static.xx.fbcdn.net\/images\/emoji.php\/v9\/te0\/1\/16\/1f31f.png\"><\/p>\n","protected":false},"excerpt":{"rendered":"<p>Gminne Spotkanie Przed\u015bwi\u0105teczne 2025 17 grudnia 2025 (\u015broda) godz. 17:00 Dom Kultury w B\u0119dzinie \u015awi\u0119ta Bo\u017cego Narodzenia to czas, w kt\u00f3rym szczeg\u00f3lnie pragniemy blisko\u015bci, ciep\u0142a i \u017cyczliwo\u015bci. Dlatego Gmina B\u0119dzino oraz Centrum Us\u0142ug Spo\u0142ecznych w B\u0119dzinie zapraszaj\u0105 wszystkie osoby samotne,&#8230; <a href=\"https:\/\/cus.bedzino.pl\/?p=1083\" class=\"readmore\">Dowiedz si\u0119 wi\u0119cej<span class=\"screen-reader-text\">Gminne Spotkanie Przed\u015bwi\u0105teczne &#8211; zapraszamy 17 grudnia 2025 do B\u0119dzina!<\/span><span class=\"fa fa-angle-double-right\" aria-hidden=\"true\"><\/span><\/a><\/p>\n","protected":false},"author":3,"featured_media":1085,"comment_status":"closed","ping_status":"open","sticky":false,"template":"","format":"standard","meta":{"footnotes":""},"categories":[16,17],"tags":[],"class_list":["post-1083","post","type-post","status-publish","format-standard","has-post-thumbnail","hentry","category-news","category-cus","content-layout-excerpt-thumb"],"_links":{"self":[{"href":"https:\/\/cus.bedzino.pl\/index.php?rest_route=\/wp\/v2\/posts\/1083","targetHints":{"allow":["GET"]}}],"collection":[{"href":"https:\/\/cus.bedzino.pl\/index.php?rest_route=\/wp\/v2\/posts"}],"about":[{"href":"https:\/\/cus.bedzino.pl\/index.php?rest_route=\/wp\/v2\/types\/post"}],"author":[{"embeddable":true,"href":"https:\/\/cus.bedzino.pl\/index.php?rest_route=\/wp\/v2\/users\/3"}],"replies":[{"embeddable":true,"href":"https:\/\/cus.bedzino.pl\/index.php?rest_route=%2Fwp%2Fv2%2Fcomments&post=1083"}],"version-history":[{"count":2,"href":"https:\/\/cus.bedzino.pl\/index.php?rest_route=\/wp\/v2\/posts\/1083\/revisions"}],"predecessor-version":[{"id":1087,"href":"https:\/\/cus.bedzino.pl\/index.php?rest_route=\/wp\/v2\/posts\/1083\/revisions\/1087"}],"wp:featuredmedia":[{"embeddable":true,"href":"https:\/\/cus.bedzino.pl\/index.php?rest_route=\/wp\/v2\/media\/1085"}],"wp:attachment":[{"href":"https:\/\/cus.bedzino.pl\/index.php?rest_route=%2Fwp%2Fv2%2Fmedia&parent=1083"}],"wp:term":[{"taxonomy":"category","embeddable":true,"href":"https:\/\/cus.bedzino.pl\/index.php?rest_route=%2Fwp%2Fv2%2Fcategories&post=1083"},{"taxonomy":"post_tag","embeddable":true,"href":"https:\/\/cus.bedzino.pl\/index.php?rest_route=%2Fwp%2Fv2%2Ftags&post=1083"}],"curies":[{"name":"wp","href":"https:\/\/api.w.org\/{rel}","templated":true}]}}