{"id":1040,"date":"2025-11-28T09:17:53","date_gmt":"2025-11-28T08:17:53","guid":{"rendered":"https:\/\/cus.bedzino.pl\/?p=1040"},"modified":"2026-02-24T13:48:45","modified_gmt":"2026-02-24T12:48:45","slug":"14-11-2025-dzien-seniora-wspolne-obchody-z-przedszkolem-promyki-baltyku","status":"publish","type":"post","link":"https:\/\/cus.bedzino.pl\/?p=1040","title":{"rendered":"14.11.2025 &#8211; Dzie\u0144 Seniora \u2014 wsp\u00f3lne obchody z Przedszkolem \u201ePromyki Ba\u0142tyku\u201d"},"content":{"rendered":"\n<figure class=\"wp-block-gallery has-nested-images columns-default is-cropped wp-block-gallery-1 is-layout-flex wp-block-gallery-is-layout-flex\">\n<figure class=\"wp-block-image size-large\"><img loading=\"lazy\" decoding=\"async\" width=\"1024\" height=\"683\" data-id=\"1041\" src=\"https:\/\/cus.bedzino.pl\/wp-content\/uploads\/2025\/11\/581260343_1273627378132842_787870529083867450_n-1024x683.jpg\" alt=\"\" class=\"wp-image-1041\" srcset=\"https:\/\/cus.bedzino.pl\/wp-content\/uploads\/2025\/11\/581260343_1273627378132842_787870529083867450_n-1024x683.jpg 1024w, https:\/\/cus.bedzino.pl\/wp-content\/uploads\/2025\/11\/581260343_1273627378132842_787870529083867450_n-300x200.jpg 300w, https:\/\/cus.bedzino.pl\/wp-content\/uploads\/2025\/11\/581260343_1273627378132842_787870529083867450_n-768x512.jpg 768w, https:\/\/cus.bedzino.pl\/wp-content\/uploads\/2025\/11\/581260343_1273627378132842_787870529083867450_n-1536x1025.jpg 1536w, https:\/\/cus.bedzino.pl\/wp-content\/uploads\/2025\/11\/581260343_1273627378132842_787870529083867450_n.jpg 2048w\" sizes=\"auto, (max-width: 1024px) 100vw, 1024px\" \/><\/figure>\n\n\n\n<figure class=\"wp-block-image size-large\"><img loading=\"lazy\" decoding=\"async\" width=\"1024\" height=\"683\" data-id=\"1044\" src=\"https:\/\/cus.bedzino.pl\/wp-content\/uploads\/2025\/11\/581024839_1273627118132868_4800501213637133373_n-1024x683.jpg\" alt=\"\" class=\"wp-image-1044\" srcset=\"https:\/\/cus.bedzino.pl\/wp-content\/uploads\/2025\/11\/581024839_1273627118132868_4800501213637133373_n-1024x683.jpg 1024w, https:\/\/cus.bedzino.pl\/wp-content\/uploads\/2025\/11\/581024839_1273627118132868_4800501213637133373_n-300x200.jpg 300w, https:\/\/cus.bedzino.pl\/wp-content\/uploads\/2025\/11\/581024839_1273627118132868_4800501213637133373_n-768x512.jpg 768w, https:\/\/cus.bedzino.pl\/wp-content\/uploads\/2025\/11\/581024839_1273627118132868_4800501213637133373_n-1536x1025.jpg 1536w, https:\/\/cus.bedzino.pl\/wp-content\/uploads\/2025\/11\/581024839_1273627118132868_4800501213637133373_n.jpg 2048w\" sizes=\"auto, (max-width: 1024px) 100vw, 1024px\" \/><\/figure>\n\n\n\n<figure class=\"wp-block-image size-large\"><img loading=\"lazy\" decoding=\"async\" width=\"1024\" height=\"683\" data-id=\"1047\" src=\"https:\/\/cus.bedzino.pl\/wp-content\/uploads\/2025\/11\/583185230_1273627374799509_8108810933711136771_n-1024x683.jpg\" alt=\"\" class=\"wp-image-1047\" srcset=\"https:\/\/cus.bedzino.pl\/wp-content\/uploads\/2025\/11\/583185230_1273627374799509_8108810933711136771_n-1024x683.jpg 1024w, https:\/\/cus.bedzino.pl\/wp-content\/uploads\/2025\/11\/583185230_1273627374799509_8108810933711136771_n-300x200.jpg 300w, https:\/\/cus.bedzino.pl\/wp-content\/uploads\/2025\/11\/583185230_1273627374799509_8108810933711136771_n-768x512.jpg 768w, https:\/\/cus.bedzino.pl\/wp-content\/uploads\/2025\/11\/583185230_1273627374799509_8108810933711136771_n-1536x1025.jpg 1536w, https:\/\/cus.bedzino.pl\/wp-content\/uploads\/2025\/11\/583185230_1273627374799509_8108810933711136771_n.jpg 2048w\" sizes=\"auto, (max-width: 1024px) 100vw, 1024px\" \/><\/figure>\n\n\n\n<figure class=\"wp-block-image size-large\"><img loading=\"lazy\" decoding=\"async\" width=\"1024\" height=\"683\" data-id=\"1043\" src=\"https:\/\/cus.bedzino.pl\/wp-content\/uploads\/2025\/11\/583186498_1273625508133029_6862524646188528008_n-1024x683.jpg\" alt=\"\" class=\"wp-image-1043\" srcset=\"https:\/\/cus.bedzino.pl\/wp-content\/uploads\/2025\/11\/583186498_1273625508133029_6862524646188528008_n-1024x683.jpg 1024w, https:\/\/cus.bedzino.pl\/wp-content\/uploads\/2025\/11\/583186498_1273625508133029_6862524646188528008_n-300x200.jpg 300w, https:\/\/cus.bedzino.pl\/wp-content\/uploads\/2025\/11\/583186498_1273625508133029_6862524646188528008_n-768x512.jpg 768w, https:\/\/cus.bedzino.pl\/wp-content\/uploads\/2025\/11\/583186498_1273625508133029_6862524646188528008_n-1536x1025.jpg 1536w, https:\/\/cus.bedzino.pl\/wp-content\/uploads\/2025\/11\/583186498_1273625508133029_6862524646188528008_n.jpg 2048w\" sizes=\"auto, (max-width: 1024px) 100vw, 1024px\" \/><\/figure>\n\n\n\n<figure class=\"wp-block-image size-large\"><img loading=\"lazy\" decoding=\"async\" width=\"1024\" height=\"683\" data-id=\"1046\" src=\"https:\/\/cus.bedzino.pl\/wp-content\/uploads\/2025\/11\/580016487_1273626301466283_1128588958496826809_n-1024x683.jpg\" alt=\"\" class=\"wp-image-1046\" srcset=\"https:\/\/cus.bedzino.pl\/wp-content\/uploads\/2025\/11\/580016487_1273626301466283_1128588958496826809_n-1024x683.jpg 1024w, https:\/\/cus.bedzino.pl\/wp-content\/uploads\/2025\/11\/580016487_1273626301466283_1128588958496826809_n-300x200.jpg 300w, https:\/\/cus.bedzino.pl\/wp-content\/uploads\/2025\/11\/580016487_1273626301466283_1128588958496826809_n-768x512.jpg 768w, https:\/\/cus.bedzino.pl\/wp-content\/uploads\/2025\/11\/580016487_1273626301466283_1128588958496826809_n-1536x1025.jpg 1536w, https:\/\/cus.bedzino.pl\/wp-content\/uploads\/2025\/11\/580016487_1273626301466283_1128588958496826809_n.jpg 2048w\" sizes=\"auto, (max-width: 1024px) 100vw, 1024px\" \/><\/figure>\n\n\n\n<figure class=\"wp-block-image size-large\"><img loading=\"lazy\" decoding=\"async\" width=\"1024\" height=\"683\" data-id=\"1048\" src=\"https:\/\/cus.bedzino.pl\/wp-content\/uploads\/2025\/11\/581933799_1273625774799669_136605235383616043_n-1024x683.jpg\" alt=\"\" class=\"wp-image-1048\" srcset=\"https:\/\/cus.bedzino.pl\/wp-content\/uploads\/2025\/11\/581933799_1273625774799669_136605235383616043_n-1024x683.jpg 1024w, https:\/\/cus.bedzino.pl\/wp-content\/uploads\/2025\/11\/581933799_1273625774799669_136605235383616043_n-300x200.jpg 300w, https:\/\/cus.bedzino.pl\/wp-content\/uploads\/2025\/11\/581933799_1273625774799669_136605235383616043_n-768x512.jpg 768w, https:\/\/cus.bedzino.pl\/wp-content\/uploads\/2025\/11\/581933799_1273625774799669_136605235383616043_n-1536x1024.jpg 1536w, https:\/\/cus.bedzino.pl\/wp-content\/uploads\/2025\/11\/581933799_1273625774799669_136605235383616043_n.jpg 2048w\" sizes=\"auto, (max-width: 1024px) 100vw, 1024px\" \/><\/figure>\n\n\n\n<figure class=\"wp-block-image size-large\"><img loading=\"lazy\" decoding=\"async\" width=\"1024\" height=\"683\" data-id=\"1045\" src=\"https:\/\/cus.bedzino.pl\/wp-content\/uploads\/2025\/11\/582494786_1273625451466368_6186847811201345700_n-1024x683.jpg\" alt=\"\" class=\"wp-image-1045\" srcset=\"https:\/\/cus.bedzino.pl\/wp-content\/uploads\/2025\/11\/582494786_1273625451466368_6186847811201345700_n-1024x683.jpg 1024w, https:\/\/cus.bedzino.pl\/wp-content\/uploads\/2025\/11\/582494786_1273625451466368_6186847811201345700_n-300x200.jpg 300w, https:\/\/cus.bedzino.pl\/wp-content\/uploads\/2025\/11\/582494786_1273625451466368_6186847811201345700_n-768x512.jpg 768w, https:\/\/cus.bedzino.pl\/wp-content\/uploads\/2025\/11\/582494786_1273625451466368_6186847811201345700_n-1536x1025.jpg 1536w, https:\/\/cus.bedzino.pl\/wp-content\/uploads\/2025\/11\/582494786_1273625451466368_6186847811201345700_n.jpg 2048w\" sizes=\"auto, (max-width: 1024px) 100vw, 1024px\" \/><\/figure>\n<\/figure>\n\n\n\n<p>W dniu 14 listopada 2025 r. Przedszkole \u201ePromyki Ba\u0142tyku\u201d w M\u015bcicach zorganizowa\u0142o uroczysto\u015b\u0107 z okazji Og\u00f3lnopolskiego Dnia Seniora, podczas kt\u00f3rej dzieci zaprezentowa\u0142y program artystyczny. W\u015br\u00f3d uczestnik\u00f3w byli tak\u017ce seniorzy z <strong>Klubu Senior+ w M\u015bcicach<\/strong> oraz <strong>Dziennego Domu Senior+ w Tymieniu<\/strong> \u2014 plac\u00f3wek funkcjonuj\u0105cych w strukturze Centrum Us\u0142ug Spo\u0142ecznych w B\u0119dzinie. Spotkanie odby\u0142o si\u0119 w nastroju patriotycznym (bia\u0142o-czerwone barwy) i by\u0142o doskona\u0142\u0105 okazj\u0105 do spotkania oraz integracji mi\u0119dzypokoleniowej; towarzyszy\u0142 mu wsp\u00f3lny \u015bpiew i wzruszaj\u0105ce wyst\u0119py najm\u0142odszych. <\/p>\n\n\n\n<p>Centrum Us\u0142ug Spo\u0142ecznych sk\u0142ada serdeczne podzi\u0119kowania dyrekcji i kadrze przedszkola za przygotowanie wydarzenia oraz podkre\u015bla, jak wa\u017cne s\u0105 dzia\u0142ania \u0142\u0105cz\u0105ce pokolenia \u2014 buduj\u0105ce wi\u0119zi, szacunek i poczucie wsp\u00f3lnoty. Zapraszamy do zapoznania si\u0119 z kr\u00f3tk\u0105 fotorelacj\u0105 udost\u0119pnion\u0105 przez Gmin\u0119 B\u0119dzino: <a href=\"https:\/\/tiny.pl\/3b5_xwpg\">https:\/\/tiny.pl\/3b5_xwpg<\/a><br><br>Zadanie realizowane w ramach projektu \u201eCentrum Us\u0142ug Spo\u0142ecznych \u2013 nowym miejscem rozwoju i integracji us\u0142ug spo\u0142ecznych\u201d dofinansowanego ze \u015brodk\u00f3w Europejskiego Funduszu Spo\u0142ecznego Plus w ramach FEPZ 2021-2027, Priorytet 6 Fundusze Europejskie na rzecz aktywnego Pomorza Zachodniego.<br><\/p>\n","protected":false},"excerpt":{"rendered":"<p>W dniu 14 listopada 2025 r. Przedszkole \u201ePromyki Ba\u0142tyku\u201d w M\u015bcicach zorganizowa\u0142o uroczysto\u015b\u0107 z okazji Og\u00f3lnopolskiego Dnia Seniora, podczas kt\u00f3rej dzieci zaprezentowa\u0142y program artystyczny. W\u015br\u00f3d uczestnik\u00f3w byli tak\u017ce seniorzy z Klubu Senior+ w M\u015bcicach oraz Dziennego Domu Senior+ w Tymieniu&#8230; <a href=\"https:\/\/cus.bedzino.pl\/?p=1040\" class=\"readmore\">Dowiedz si\u0119 wi\u0119cej<span class=\"screen-reader-text\">14.11.2025 &#8211; Dzie\u0144 Seniora \u2014 wsp\u00f3lne obchody z Przedszkolem \u201ePromyki Ba\u0142tyku\u201d<\/span><span class=\"fa fa-angle-double-right\" aria-hidden=\"true\"><\/span><\/a><\/p>\n","protected":false},"author":3,"featured_media":1046,"comment_status":"closed","ping_status":"open","sticky":false,"template":"","format":"standard","meta":{"footnotes":""},"categories":[16,32],"tags":[],"class_list":["post-1040","post","type-post","status-publish","format-standard","has-post-thumbnail","hentry","category-news","category-seniorzy","content-layout-excerpt-thumb"],"_links":{"self":[{"href":"https:\/\/cus.bedzino.pl\/index.php?rest_route=\/wp\/v2\/posts\/1040","targetHints":{"allow":["GET"]}}],"collection":[{"href":"https:\/\/cus.bedzino.pl\/index.php?rest_route=\/wp\/v2\/posts"}],"about":[{"href":"https:\/\/cus.bedzino.pl\/index.php?rest_route=\/wp\/v2\/types\/post"}],"author":[{"embeddable":true,"href":"https:\/\/cus.bedzino.pl\/index.php?rest_route=\/wp\/v2\/users\/3"}],"replies":[{"embeddable":true,"href":"https:\/\/cus.bedzino.pl\/index.php?rest_route=%2Fwp%2Fv2%2Fcomments&post=1040"}],"version-history":[{"count":1,"href":"https:\/\/cus.bedzino.pl\/index.php?rest_route=\/wp\/v2\/posts\/1040\/revisions"}],"predecessor-version":[{"id":1049,"href":"https:\/\/cus.bedzino.pl\/index.php?rest_route=\/wp\/v2\/posts\/1040\/revisions\/1049"}],"wp:featuredmedia":[{"embeddable":true,"href":"https:\/\/cus.bedzino.pl\/index.php?rest_route=\/wp\/v2\/media\/1046"}],"wp:attachment":[{"href":"https:\/\/cus.bedzino.pl\/index.php?rest_route=%2Fwp%2Fv2%2Fmedia&parent=1040"}],"wp:term":[{"taxonomy":"category","embeddable":true,"href":"https:\/\/cus.bedzino.pl\/index.php?rest_route=%2Fwp%2Fv2%2Fcategories&post=1040"},{"taxonomy":"post_tag","embeddable":true,"href":"https:\/\/cus.bedzino.pl\/index.php?rest_route=%2Fwp%2Fv2%2Ftags&post=1040"}],"curies":[{"name":"wp","href":"https:\/\/api.w.org\/{rel}","templated":true}]}}