{"id":499,"date":"2025-06-25T11:17:55","date_gmt":"2025-06-25T09:17:55","guid":{"rendered":"https:\/\/cus.bedzino.pl\/?p=499"},"modified":"2026-02-24T13:40:44","modified_gmt":"2026-02-24T12:40:44","slug":"bezplatne-porady-prawne","status":"publish","type":"post","link":"http:\/\/cus.bedzino.pl\/?p=499","title":{"rendered":"Bezp\u0142atne porady prawne"},"content":{"rendered":"\n<figure class=\"wp-block-image size-full\"><img loading=\"lazy\" decoding=\"async\" width=\"940\" height=\"788\" src=\"https:\/\/cus.bedzino.pl\/wp-content\/uploads\/2025\/06\/Projekt-bez-nazwy-26.png\" alt=\"\" class=\"wp-image-500\" srcset=\"http:\/\/cus.bedzino.pl\/wp-content\/uploads\/2025\/06\/Projekt-bez-nazwy-26.png 940w, http:\/\/cus.bedzino.pl\/wp-content\/uploads\/2025\/06\/Projekt-bez-nazwy-26-300x251.png 300w, http:\/\/cus.bedzino.pl\/wp-content\/uploads\/2025\/06\/Projekt-bez-nazwy-26-768x644.png 768w\" sizes=\"auto, (max-width: 940px) 100vw, 940px\" \/><\/figure>\n\n\n\n<p>Centrum Us\u0142ug Spo\u0142ecznych w B\u0119dzinie zaprasza mieszka\u0144c\u00f3w na <strong>bezp\u0142atne porady prawne<\/strong>, kt\u00f3re odb\u0119d\u0105 si\u0119 w <strong>poniedzia\u0142ek, 30 czerwca 2025 r., w godzinach od 11:00 do 14:00<\/strong>.<\/p>\n\n\n\n<p>Podczas dy\u017curu b\u0119dzie mo\u017cna uzyska\u0107 informacje i wsparcie m.in. w zakresie:<\/p>\n\n\n\n<ul class=\"wp-block-list\">\n<li>prawa cywilnego (np. sprawy mieszkaniowe, spadkowe, rodzinne),<\/li>\n\n\n\n<li>prawa pracy i ubezpiecze\u0144 spo\u0142ecznych,<\/li>\n\n\n\n<li>spraw administracyjnych,<\/li>\n\n\n\n<li>uprawnie\u0144 i obowi\u0105zk\u00f3w obywatelskich.<\/li>\n<\/ul>\n\n\n\n<p><strong>Porady udzielane b\u0119d\u0105 w siedzibie CUS B\u0119dzino.<\/strong> Obowi\u0105zuj\u0105 wcze\u015bniejsze zapisy telefoniczne \u2013 liczba miejsc ograniczona.<\/p>\n\n\n\n<p>\ud83d\udcde Telefon do zapis\u00f3w: 94 3162 337 wew. 23 lub 694 462 594<\/p>\n\n\n\n<p>Zapraszamy osoby, kt\u00f3re potrzebuj\u0105 pomocy w zrozumieniu przepis\u00f3w prawa lub rozwi\u0105zaniu konkretnej sytuacji prawnej. Spotkania odbywaj\u0105 si\u0119 w atmosferze pe\u0142nej dyskrecji i zrozumienia.<br><br>Zadanie realizowane w ramach projektu \u201eCentrum Us\u0142ug Spo\u0142ecznych \u2013 nowym miejscem rozwoju i integracji us\u0142ug spo\u0142ecznych\u201d dofinansowanego ze \u015brodk\u00f3w Europejskiego Funduszu Spo\u0142ecznego Plus w ramach FEPZ 2021-2027, Priorytet 6 Fundusze Europejskie na rzecz aktywnego Pomorza Zachodniego.<\/p>\n\n\n\n<p><a href=\"https:\/\/www.facebook.com\/hashtag\/cusb%C4%99dzino?__eep__=6&amp;__cft__[0]=AZVVnu5ucA9D4Phm60qUhRm6qoojqHXmTkqvRx9XqOqfFGJXtQMe8qAc8n4VMVsCZnF3IjcfY71GfTBsnMNbwRroHj1pzWiPtakw2kpibEOCqyizZjT80nOU3HZc9kET5OAszYlxUcGN3kqjVwJV9L-mmnSB2Tgz8TYONZ79ZZnCKTLqrKdZAH_fRlN3GR7v8brq5S3tyPYoZAOKsCP97HaF&amp;__tn__=*NK-R\">#CUSB\u0119dzino<\/a><a href=\"https:\/\/www.facebook.com\/hashtag\/centrumus%C5%82ugspo%C5%82ecznychwb%C4%99dzinie?__eep__=6&amp;__cft__[0]=AZVVnu5ucA9D4Phm60qUhRm6qoojqHXmTkqvRx9XqOqfFGJXtQMe8qAc8n4VMVsCZnF3IjcfY71GfTBsnMNbwRroHj1pzWiPtakw2kpibEOCqyizZjT80nOU3HZc9kET5OAszYlxUcGN3kqjVwJV9L-mmnSB2Tgz8TYONZ79ZZnCKTLqrKdZAH_fRlN3GR7v8brq5S3tyPYoZAOKsCP97HaF&amp;__tn__=*NK-R\">#CentrumUs\u0142ugSpo\u0142ecznychwB\u0119dzinie<\/a><a href=\"https:\/\/www.facebook.com\/hashtag\/pomocspo%C5%82eczna?__eep__=6&amp;__cft__[0]=AZVVnu5ucA9D4Phm60qUhRm6qoojqHXmTkqvRx9XqOqfFGJXtQMe8qAc8n4VMVsCZnF3IjcfY71GfTBsnMNbwRroHj1pzWiPtakw2kpibEOCqyizZjT80nOU3HZc9kET5OAszYlxUcGN3kqjVwJV9L-mmnSB2Tgz8TYONZ79ZZnCKTLqrKdZAH_fRlN3GR7v8brq5S3tyPYoZAOKsCP97HaF&amp;__tn__=*NK-R\">#PomocSpo\u0142eczna<\/a><a href=\"https:\/\/www.facebook.com\/hashtag\/funduszeeuropejskie?__eep__=6&amp;__cft__[0]=AZVVnu5ucA9D4Phm60qUhRm6qoojqHXmTkqvRx9XqOqfFGJXtQMe8qAc8n4VMVsCZnF3IjcfY71GfTBsnMNbwRroHj1pzWiPtakw2kpibEOCqyizZjT80nOU3HZc9kET5OAszYlxUcGN3kqjVwJV9L-mmnSB2Tgz8TYONZ79ZZnCKTLqrKdZAH_fRlN3GR7v8brq5S3tyPYoZAOKsCP97HaF&amp;__tn__=*NK-R\">#FunduszeEuropejskie<\/a><\/p>\n\n\n\n<p><\/p>\n","protected":false},"excerpt":{"rendered":"<p>Centrum Us\u0142ug Spo\u0142ecznych w B\u0119dzinie zaprasza mieszka\u0144c\u00f3w na bezp\u0142atne porady prawne, kt\u00f3re odb\u0119d\u0105 si\u0119 w poniedzia\u0142ek, 30 czerwca 2025 r., w godzinach od 11:00 do 14:00. Podczas dy\u017curu b\u0119dzie mo\u017cna uzyska\u0107 informacje i wsparcie m.in. w zakresie: Porady udzielane b\u0119d\u0105&#8230; <a href=\"http:\/\/cus.bedzino.pl\/?p=499\" class=\"readmore\">Dowiedz si\u0119 wi\u0119cej<span class=\"screen-reader-text\">Bezp\u0142atne porady prawne<\/span><span class=\"fa fa-angle-double-right\" aria-hidden=\"true\"><\/span><\/a><\/p>\n","protected":false},"author":3,"featured_media":0,"comment_status":"closed","ping_status":"open","sticky":false,"template":"","format":"standard","meta":{"footnotes":""},"categories":[17,34],"tags":[],"class_list":["post-499","post","type-post","status-publish","format-standard","hentry","category-cus","category-uslugi","content-layout-excerpt-thumb"],"_links":{"self":[{"href":"http:\/\/cus.bedzino.pl\/index.php?rest_route=\/wp\/v2\/posts\/499","targetHints":{"allow":["GET"]}}],"collection":[{"href":"http:\/\/cus.bedzino.pl\/index.php?rest_route=\/wp\/v2\/posts"}],"about":[{"href":"http:\/\/cus.bedzino.pl\/index.php?rest_route=\/wp\/v2\/types\/post"}],"author":[{"embeddable":true,"href":"http:\/\/cus.bedzino.pl\/index.php?rest_route=\/wp\/v2\/users\/3"}],"replies":[{"embeddable":true,"href":"http:\/\/cus.bedzino.pl\/index.php?rest_route=%2Fwp%2Fv2%2Fcomments&post=499"}],"version-history":[{"count":1,"href":"http:\/\/cus.bedzino.pl\/index.php?rest_route=\/wp\/v2\/posts\/499\/revisions"}],"predecessor-version":[{"id":501,"href":"http:\/\/cus.bedzino.pl\/index.php?rest_route=\/wp\/v2\/posts\/499\/revisions\/501"}],"wp:attachment":[{"href":"http:\/\/cus.bedzino.pl\/index.php?rest_route=%2Fwp%2Fv2%2Fmedia&parent=499"}],"wp:term":[{"taxonomy":"category","embeddable":true,"href":"http:\/\/cus.bedzino.pl\/index.php?rest_route=%2Fwp%2Fv2%2Fcategories&post=499"},{"taxonomy":"post_tag","embeddable":true,"href":"http:\/\/cus.bedzino.pl\/index.php?rest_route=%2Fwp%2Fv2%2Ftags&post=499"}],"curies":[{"name":"wp","href":"https:\/\/api.w.org\/{rel}","templated":true}]}}